{"id":217223,"date":"2022-03-01T15:39:32","date_gmt":"2022-03-01T14:39:32","guid":{"rendered":"https:\/\/zempleninfo.eu\/?p=217223"},"modified":"2025-01-24T10:29:37","modified_gmt":"2025-01-24T09:29:37","slug":"zempleni-kirandulas","status":"publish","type":"post","link":"https:\/\/zempleninfo.eu\/?p=217223","title":{"rendered":"Zempl\u00e9ni kir\u00e1ndul\u00e1s"},"content":{"rendered":"<div class=\"wpb-content-wrapper\"><p>[vc_row full_width=&#8221;stretch_row&#8221; css=&#8221;.vc_custom_1582110066166{margin-bottom: 0px !important;}&#8221;][vc_column css=&#8221;.vc_custom_1553589470450{margin-top: 0px !important;margin-bottom: 0px !important;padding-top: 0px !important;padding-bottom: 0px !important;}&#8221;]<style>.thegem-te-post-title.thegem-custom-69f1a310dc6665540 {justify-content: left; text-align: left;}<\/style><div class=\"thegem-te-post-title thegem-custom-69f1a310dc6665540\"> <h1 class=\"post-title title-h3 \"> <span>Zempl\u00e9ni kir\u00e1ndul\u00e1s<\/span> <\/h1> <\/div><div class=\"gem-textbox \"  ><div class=\"gem-textbox-inner\" style=\"\"><div class=\"gem-textbox-content\" style=\"background-color: #f5f5f5;background-position: center top;padding-top: 61px;padding-bottom: 50px;padding-left: 50px;padding-right: 50px;\">[vc_column_text]<\/p>\n<p>S\u00e1toralja\u00fajhelyen, S\u00e1rospatakon, a Hegyk\u00f6zben \u00e9s a Bodrogk\u00f6zben sz\u00e1mtalan kir\u00e1ndul\u00e1si lehet\u0151s\u00e9g \u00e9s program k\u00edn\u00e1lkozik. Id\u0151tartam \u00e9s \u00e9rdekl\u0151d\u00e9si k\u00f6r alapj\u00e1n szervezhet\u0151ek f\u00e9l napos, eg\u00e9sz napos vagy ak\u00e1r t\u00f6bb napos kir\u00e1ndul\u00e1sok is.<\/p>\n<p>S\u00e1toralja\u00fajhely b\u0151velkedik a k\u00fcl\u00f6nb\u00f6z\u0151 t\u00edpus\u00fa turisztikai attrakci\u00f3kban. A Zempl\u00e9n Kalandpark \u00e9lm\u00e9nyelemei, a Magyar K\u00e1lv\u00e1ria, a t\u00f6rt\u00e9nelmi belv\u00e1ros mellett \u00e9rdemes pl. megtekinteni az interakt\u00edv vagy \u00e9ppen rendhagy\u00f3 m\u00fazeumokat, \u00fagy, mint a Kazinczy Ferenc M\u00fazeum, A Magyar Nyelv M\u00fazeuma \u00e9s a Kazinczy Ferenc Eml\u00e9kcsarnok, valamint a B\u00f6rt\u00f6nm\u00fazeum.<\/p>\n<p>A Hegyk\u00f6z k\u00edn\u00e1lata is csalogat\u00f3, a f\u00fcz\u00e9rradv\u00e1nyi K\u00e1rolyi-kast\u00e9ly \u00e9s arbor\u00e9tuma, a P\u00e1lh\u00e1z\u00e1r\u00f3l indul\u00f3 erdei kisvas\u00fat, F\u00fcz\u00e9r V\u00e1ra, valamint a Holl\u00f3h\u00e1zi Porcel\u00e1nm\u00fazeum is tartalmas kikapcsol\u00f3d\u00e1st ny\u00fajt a csoportok sz\u00e1m\u00e1ra.<\/p>\n<p>S\u00e1rospatakon nem csak a h\u00edres R\u00e1k\u00f3czi-v\u00e1rat \u00e9rdemes megl\u00e1togatni, a kult\u00fara ir\u00e1nt \u00e9rdekl\u0151d\u0151knek t\u00f6bbek k\u00f6z\u00f6tt a Reform\u00e1tus Nagyk\u00f6nyvt\u00e1rat \u00e9s Iskolam\u00fazeumot, a Basilika Minort aj\u00e1nljuk, A term\u00e9szeti l\u00e1tnival\u00f3k \u00e9s a csod\u00e1latos panor\u00e1ma szerelmesei sz\u00e1m\u00e1ra pedig a Megyer-hegyi Tengerszem jelenthet felejthetetlen \u00e9lm\u00e9nyt.<\/p>\n<p>A Bodrogk\u00f6z nevezetess\u00e9gei k\u00f6z\u00fcl a karosi Honfoglal\u00e1s-kori L\u00e1togat\u00f3 K\u00f6zpont mellett Karcs\u00e1n az \u00c1rp\u00e1d-kori m\u0171eml\u00e9ktemplom \u00e9s a hozz\u00e1 kapcsol\u00f3d\u00f3 legend\u00e1k, valamint P\u00e1cinban a M\u00e1g\u00f3chy-kast\u00e9ly a legfontosabb l\u00e1tnival\u00f3k.<\/p>\n<p>A hosszabb kir\u00e1ndul\u00e1sok, csoportk\u00eds\u00e9r\u00e9sek eset\u00e9ben sz\u00edveskedjen \u00e1raj\u00e1nlatot k\u00e9rni. Az ir\u00e1ny\u00e1r h\u00e9tk\u00f6znapokon 5.000,- Ft\/\u00f3ra, h\u00e9tv\u00e9g\u00e9n \u00e9s munkasz\u00fcneti napokon 7.000,- Ft\/\u00f3ra.<\/p>\n<p>[\/vc_column_text][vc_empty_space]<div class=\"thegem-te-heading thegem-custom-69f1a310dcf204944\" ><h1 id=\"thegem-heading-69f1a310dccc8\" class=\"thegem-heading thegem-custom-heading-69f1a310dccba5411 title-h3\" style=\"text-align: center;\" ><span>Kapcsolat<\/span><\/h1><style type=\"text\/css\">#thegem-heading-69f1a310dccc8 {margin: 0;}#thegem-heading-69f1a310dccc8 {margin-left: auto; margin-right: auto;}#thegem-heading-69f1a310dccc8 > * {justify-content: center;}#thegem-heading-69f1a310dccc8 .light, #thegem-heading-69f1a310dccc8 {font-family:Roboto Condensed; font-weight:100; font-style:normal; }#thegem-heading-69f1a310dccc8 a:hover, #thegem-heading-69f1a310dccc8 a:hover span.colored {color: var(--thegem-to-menu-level1-color-hover, #00BCD4) !important;}<\/style><\/div><style>@media screen and (max-width: 1023px) {.thegem-heading.thegem-custom-heading-69f1a310dccba5411{display: block!important;}}@media screen and (max-width: 767px) {.thegem-heading.thegem-custom-heading-69f1a310dccba5411{display: block!important;}}@media screen and (max-width: 1023px) {.thegem-heading.thegem-custom-heading-69f1a310dccba5411{position: relative !important;}}@media screen and (max-width: 767px) {.thegem-heading.thegem-custom-heading-69f1a310dccba5411{position: relative !important;}}<\/style><div class=\"thegem-te-heading thegem-custom-69f1a310dd2fd8026\" ><h1 id=\"thegem-heading-69f1a310dd1d3\" class=\"thegem-heading thegem-custom-heading-69f1a310dd1d02610 title-h5\" style=\"text-align: center;\" ><span>+36 70 434 1516<\/span><\/h1><style type=\"text\/css\">#thegem-heading-69f1a310dd1d3 {margin: 0;}#thegem-heading-69f1a310dd1d3 {margin-left: auto; margin-right: auto;}#thegem-heading-69f1a310dd1d3 > * {justify-content: center;}#thegem-heading-69f1a310dd1d3 .light, #thegem-heading-69f1a310dd1d3 {font-family:Roboto Condensed; font-weight:100; font-style:normal; }#thegem-heading-69f1a310dd1d3 a:hover, #thegem-heading-69f1a310dd1d3 a:hover span.colored {color: var(--thegem-to-menu-level1-color-hover, #00BCD4) !important;}<\/style><\/div><style>@media screen and (max-width: 1023px) {.thegem-heading.thegem-custom-heading-69f1a310dd1d02610{display: block!important;}}@media screen and (max-width: 767px) {.thegem-heading.thegem-custom-heading-69f1a310dd1d02610{display: block!important;}}@media screen and (max-width: 1023px) {.thegem-heading.thegem-custom-heading-69f1a310dd1d02610{position: relative !important;}}@media screen and (max-width: 767px) {.thegem-heading.thegem-custom-heading-69f1a310dd1d02610{position: relative !important;}}<\/style><div class=\"gem-team row inline-row gem-interactions-enabled gem-team-style-1\" >\n<div class=\"col-xs-12 inline-column\"> <div id=\"post-516\" class=\"team-person centered-box default-background post-516 thegem_team_person type-thegem_team_person status-publish has-post-thumbnail\" style=\" \"> <div class=\"team-person-image\"><img width=\"240\" height=\"240\" src=\"https:\/\/zempleninfo.eu\/wp-content\/uploads\/Sablonhoz\/Face\/BlanarR_f-thegem-person-240.jpg\" class=\"img-responsive wp-post-image\" alt=\"BlanarR_f\" srcset=\"https:\/\/zempleninfo.eu\/wp-content\/uploads\/Sablonhoz\/Face\/BlanarR_f-thegem-person.jpg 2x\" sizes=\"100vw\" \/><\/div> <div class=\"team-person-info\"> <div class=\"team-person-name title-h4\" >Blan\u00e1r R\u00f3bert<\/div> <div class=\"team-person-position date-color\" >idegenvezet\u0151<\/div> <div class=\"gem-styled-color-1\"><div class=\"team-person-phone title-h5\"><a href=\"tel:+36%2030%20454%202103\">+36 30 454 2103<\/a><\/div><\/div> <div class=\"team-person-email\"><a href=\"mailto:info@ujhelyiturizmus.hu\">info@ujhelyiturizmus.hu<\/a><\/div> <\/div> <div class=\"socials team-person-socials socials-colored-hover\"><a title=\"Facebook\" target=\"_blank\" href=\"https:\/\/www.facebook.com\/blanar.robert\" class=\"socials-item\"><i class=\"socials-item-icon social-item-rounded facebook\"><\/i><\/a><\/div> <\/div>\n<\/div>\n<\/div><\/div><\/div><\/div>[\/vc_column][\/vc_row]<\/p>\n<\/div>","protected":false},"excerpt":{"rendered":"<p>[vc_row full_width=&#8221;stretch_row&#8221; css=&#8221;.vc_custom_1582110066166{margin-bottom: 0px !important;}&#8221;][vc_column css=&#8221;.vc_custom_1553589470450{margin-top: 0px !important;margin-bottom: 0px !important;padding-top: 0px !important;padding-bottom: 0px !important;}&#8221;][\/vc_column][\/vc_row]<\/p>\n","protected":false},"author":1,"featured_media":217271,"comment_status":"closed","ping_status":"closed","sticky":false,"template":"","format":"standard","meta":{"footnotes":""},"categories":[927],"tags":[940,938,936,538],"class_list":{"0":"post-217223","1":"post","2":"type-post","3":"status-publish","4":"format-standard","5":"has-post-thumbnail","7":"category-varosnezes","8":"tag-buszos","9":"tag-gyalogos","10":"tag-idegenvezetes","11":"tag-satoraljaujhely"},"lang":"hu","translations":{"hu":217223},"pll_sync_post":[],"menu_order":0,"_links":{"self":[{"href":"https:\/\/zempleninfo.eu\/index.php?rest_route=\/wp\/v2\/posts\/217223","targetHints":{"allow":["GET"]}}],"collection":[{"href":"https:\/\/zempleninfo.eu\/index.php?rest_route=\/wp\/v2\/posts"}],"about":[{"href":"https:\/\/zempleninfo.eu\/index.php?rest_route=\/wp\/v2\/types\/post"}],"author":[{"embeddable":true,"href":"https:\/\/zempleninfo.eu\/index.php?rest_route=\/wp\/v2\/users\/1"}],"replies":[{"embeddable":true,"href":"https:\/\/zempleninfo.eu\/index.php?rest_route=%2Fwp%2Fv2%2Fcomments&post=217223"}],"version-history":[{"count":4,"href":"https:\/\/zempleninfo.eu\/index.php?rest_route=\/wp\/v2\/posts\/217223\/revisions"}],"predecessor-version":[{"id":220119,"href":"https:\/\/zempleninfo.eu\/index.php?rest_route=\/wp\/v2\/posts\/217223\/revisions\/220119"}],"wp:featuredmedia":[{"embeddable":true,"href":"https:\/\/zempleninfo.eu\/index.php?rest_route=\/wp\/v2\/media\/217271"}],"wp:attachment":[{"href":"https:\/\/zempleninfo.eu\/index.php?rest_route=%2Fwp%2Fv2%2Fmedia&parent=217223"}],"wp:term":[{"taxonomy":"category","embeddable":true,"href":"https:\/\/zempleninfo.eu\/index.php?rest_route=%2Fwp%2Fv2%2Fcategories&post=217223"},{"taxonomy":"post_tag","embeddable":true,"href":"https:\/\/zempleninfo.eu\/index.php?rest_route=%2Fwp%2Fv2%2Ftags&post=217223"}],"curies":[{"name":"wp","href":"https:\/\/api.w.org\/{rel}","templated":true}]}}