{"id":217005,"date":"2022-01-28T10:01:33","date_gmt":"2022-01-28T09:01:33","guid":{"rendered":"https:\/\/zempleninfo.eu\/?p=217005"},"modified":"2025-01-24T10:43:13","modified_gmt":"2025-01-24T09:43:13","slug":"az-egyenisegek-bolcsoje","status":"publish","type":"post","link":"https:\/\/zempleninfo.eu\/?p=217005","title":{"rendered":"Az egy\u00e9nis\u00e9gek b\u00f6lcs\u0151je"},"content":{"rendered":"<div class=\"wpb-content-wrapper\"><p>[vc_row full_width=&#8221;stretch_row&#8221; css=&#8221;.vc_custom_1582110066166{margin-bottom: 0px !important;}&#8221;][vc_column css=&#8221;.vc_custom_1553589470450{margin-top: 0px !important;margin-bottom: 0px !important;padding-top: 0px !important;padding-bottom: 0px !important;}&#8221;]<div class=\"thegem-te-heading thegem-custom-69f39f92a8b186921\" ><h1 id=\"thegem-heading-69f39f92a8962\" class=\"thegem-heading thegem-custom-heading-69f39f92a895c8510 title-h3\" style=\"text-align: left;\" ><span>Reformkori s\u00e9ta Kossuth l\u00e1bnyom\u00e1n Zempl\u00e9n t\u00f6rt\u00e9nelmi f\u0151v\u00e1ros\u00e1ban, S\u00e1toralja\u00fajhelyen<\/span><\/h1><style type=\"text\/css\">#thegem-heading-69f39f92a8962 {margin: 0;}#thegem-heading-69f39f92a8962 a:hover, #thegem-heading-69f39f92a8962 a:hover span.colored {color: var(--thegem-to-menu-level1-color-hover, #00BCD4) !important;}<\/style><\/div><style>@media screen and (max-width: 1023px) {.thegem-heading.thegem-custom-heading-69f39f92a895c8510{display: block!important;}}@media screen and (max-width: 767px) {.thegem-heading.thegem-custom-heading-69f39f92a895c8510{display: block!important;}}@media screen and (max-width: 1023px) {.thegem-heading.thegem-custom-heading-69f39f92a895c8510{position: relative !important;}}@media screen and (max-width: 767px) {.thegem-heading.thegem-custom-heading-69f39f92a895c8510{position: relative !important;}}<\/style><div class=\"preloader\"><div class=\"preloader-spin\"><\/div><\/div> <div id=\"gem-gallery-69f39f92a8ec5\" class=\"gem-gallery gem-gallery-hover-zooming-blur\"> <div class=\"gem-gallery-item\"> <div class=\"gem-gallery-item-image\"> <a href=\"https:\/\/zempleninfo.eu\/wp-content\/uploads\/08_Erdeklodoknek\/Varosnezes\/Tematikus\/Idegenvezetes_T_01_06-thegem-gallery-sidebar.jpg\" data-fancybox-group=\"gallery-69f39f92a8ec5\" data-full-image-url=\"https:\/\/zempleninfo.eu\/wp-content\/uploads\/08_Erdeklodoknek\/Varosnezes\/Tematikus\/Idegenvezetes_T_01_06.jpg\"> <svg width=\"20\" height=\"10\"><path d=\"M 0,10 Q 9,9 10,0 Q 11,9 20,10\" \/><\/svg> <img src=\"https:\/\/zempleninfo.eu\/wp-content\/uploads\/08_Erdeklodoknek\/Varosnezes\/Tematikus\/Idegenvezetes_T_01_06-thegem-post-thumb-small.jpg\" alt=\"\" class=\"img-responsive\"> <span class=\"gem-gallery-caption slide-info\"> <\/span> <\/a> <span class=\"gem-gallery-line\"><\/span> <\/div> <\/div> <div class=\"gem-gallery-item\"> <div class=\"gem-gallery-item-image\"> <a href=\"https:\/\/zempleninfo.eu\/wp-content\/uploads\/08_Erdeklodoknek\/Varosnezes\/Tematikus\/Idegenvezetes_T_01_07-thegem-gallery-sidebar.jpg\" data-fancybox-group=\"gallery-69f39f92a8ec5\" data-full-image-url=\"https:\/\/zempleninfo.eu\/wp-content\/uploads\/08_Erdeklodoknek\/Varosnezes\/Tematikus\/Idegenvezetes_T_01_07.jpg\"> <svg width=\"20\" height=\"10\"><path d=\"M 0,10 Q 9,9 10,0 Q 11,9 20,10\" \/><\/svg> <img src=\"https:\/\/zempleninfo.eu\/wp-content\/uploads\/08_Erdeklodoknek\/Varosnezes\/Tematikus\/Idegenvezetes_T_01_07-thegem-post-thumb-small.jpg\" alt=\"\" class=\"img-responsive\"> <span class=\"gem-gallery-caption slide-info\"> <\/span> <\/a> <span class=\"gem-gallery-line\"><\/span> <\/div> <\/div> <div class=\"gem-gallery-item\"> <div class=\"gem-gallery-item-image\"> <a href=\"https:\/\/zempleninfo.eu\/wp-content\/uploads\/08_Erdeklodoknek\/Varosnezes\/Tematikus\/Idegenvezetes_T_01_08-thegem-gallery-sidebar.jpg\" data-fancybox-group=\"gallery-69f39f92a8ec5\" data-full-image-url=\"https:\/\/zempleninfo.eu\/wp-content\/uploads\/08_Erdeklodoknek\/Varosnezes\/Tematikus\/Idegenvezetes_T_01_08.jpg\"> <svg width=\"20\" height=\"10\"><path d=\"M 0,10 Q 9,9 10,0 Q 11,9 20,10\" \/><\/svg> <img src=\"https:\/\/zempleninfo.eu\/wp-content\/uploads\/08_Erdeklodoknek\/Varosnezes\/Tematikus\/Idegenvezetes_T_01_08-thegem-post-thumb-small.jpg\" alt=\"\" class=\"img-responsive\"> <span class=\"gem-gallery-caption slide-info\"> <\/span> <\/a> <span class=\"gem-gallery-line\"><\/span> <\/div> <\/div> <div class=\"gem-gallery-item\"> <div class=\"gem-gallery-item-image\"> <a href=\"https:\/\/zempleninfo.eu\/wp-content\/uploads\/08_Erdeklodoknek\/Varosnezes\/Tematikus\/Idegenvezetes_T_01_09-thegem-gallery-sidebar.jpg\" data-fancybox-group=\"gallery-69f39f92a8ec5\" data-full-image-url=\"https:\/\/zempleninfo.eu\/wp-content\/uploads\/08_Erdeklodoknek\/Varosnezes\/Tematikus\/Idegenvezetes_T_01_09.jpg\"> <svg width=\"20\" height=\"10\"><path d=\"M 0,10 Q 9,9 10,0 Q 11,9 20,10\" \/><\/svg> <img src=\"https:\/\/zempleninfo.eu\/wp-content\/uploads\/08_Erdeklodoknek\/Varosnezes\/Tematikus\/Idegenvezetes_T_01_09-thegem-post-thumb-small.jpg\" alt=\"\" class=\"img-responsive\"> <span class=\"gem-gallery-caption slide-info\"> <\/span> <\/a> <span class=\"gem-gallery-line\"><\/span> <\/div> <\/div> <div class=\"gem-gallery-item\"> <div class=\"gem-gallery-item-image\"> <a href=\"https:\/\/zempleninfo.eu\/wp-content\/uploads\/08_Erdeklodoknek\/Varosnezes\/Tematikus\/Idegenvezetes_T_01_10-thegem-gallery-sidebar.jpg\" data-fancybox-group=\"gallery-69f39f92a8ec5\" data-full-image-url=\"https:\/\/zempleninfo.eu\/wp-content\/uploads\/08_Erdeklodoknek\/Varosnezes\/Tematikus\/Idegenvezetes_T_01_10.jpg\"> <svg width=\"20\" height=\"10\"><path d=\"M 0,10 Q 9,9 10,0 Q 11,9 20,10\" \/><\/svg> <img src=\"https:\/\/zempleninfo.eu\/wp-content\/uploads\/08_Erdeklodoknek\/Varosnezes\/Tematikus\/Idegenvezetes_T_01_10-thegem-post-thumb-small.jpg\" alt=\"\" class=\"img-responsive\"> <span class=\"gem-gallery-caption slide-info\"> <\/span> <\/a> <span class=\"gem-gallery-line\"><\/span> <\/div> <\/div> <div class=\"gem-gallery-item\"> <div class=\"gem-gallery-item-image\"> <a href=\"https:\/\/zempleninfo.eu\/wp-content\/uploads\/08_Erdeklodoknek\/Varosnezes\/Tematikus\/Idegenvezetes_T_01_11-thegem-gallery-sidebar.jpg\" data-fancybox-group=\"gallery-69f39f92a8ec5\" data-full-image-url=\"https:\/\/zempleninfo.eu\/wp-content\/uploads\/08_Erdeklodoknek\/Varosnezes\/Tematikus\/Idegenvezetes_T_01_11.jpg\"> <svg width=\"20\" height=\"10\"><path d=\"M 0,10 Q 9,9 10,0 Q 11,9 20,10\" \/><\/svg> <img src=\"https:\/\/zempleninfo.eu\/wp-content\/uploads\/08_Erdeklodoknek\/Varosnezes\/Tematikus\/Idegenvezetes_T_01_11-thegem-post-thumb-small.jpg\" alt=\"\" class=\"img-responsive\"> <span class=\"gem-gallery-caption slide-info\"> <\/span> <\/a> <span class=\"gem-gallery-line\"><\/span> <\/div> <\/div> <div class=\"gem-gallery-item\"> <div class=\"gem-gallery-item-image\"> <a href=\"https:\/\/zempleninfo.eu\/wp-content\/uploads\/08_Erdeklodoknek\/Varosnezes\/Tematikus\/Idegenvezetes_T_01_12-thegem-gallery-sidebar.jpg\" data-fancybox-group=\"gallery-69f39f92a8ec5\" data-full-image-url=\"https:\/\/zempleninfo.eu\/wp-content\/uploads\/08_Erdeklodoknek\/Varosnezes\/Tematikus\/Idegenvezetes_T_01_12.jpg\"> <svg width=\"20\" height=\"10\"><path d=\"M 0,10 Q 9,9 10,0 Q 11,9 20,10\" \/><\/svg> <img src=\"https:\/\/zempleninfo.eu\/wp-content\/uploads\/08_Erdeklodoknek\/Varosnezes\/Tematikus\/Idegenvezetes_T_01_12-thegem-post-thumb-small.jpg\" alt=\"\" class=\"img-responsive\"> <span class=\"gem-gallery-caption slide-info\"> <\/span> <\/a> <span class=\"gem-gallery-line\"><\/span> <\/div> <\/div> <div class=\"gem-gallery-item\"> <div class=\"gem-gallery-item-image\"> <a href=\"https:\/\/zempleninfo.eu\/wp-content\/uploads\/08_Erdeklodoknek\/Varosnezes\/Tematikus\/Idegenvezetes_T_01_13-thegem-gallery-sidebar.jpg\" data-fancybox-group=\"gallery-69f39f92a8ec5\" data-full-image-url=\"https:\/\/zempleninfo.eu\/wp-content\/uploads\/08_Erdeklodoknek\/Varosnezes\/Tematikus\/Idegenvezetes_T_01_13.jpg\"> <svg width=\"20\" height=\"10\"><path d=\"M 0,10 Q 9,9 10,0 Q 11,9 20,10\" \/><\/svg> <img src=\"https:\/\/zempleninfo.eu\/wp-content\/uploads\/08_Erdeklodoknek\/Varosnezes\/Tematikus\/Idegenvezetes_T_01_13-thegem-post-thumb-small.jpg\" alt=\"\" class=\"img-responsive\"> <span class=\"gem-gallery-caption slide-info\"> <\/span> <\/a> <span class=\"gem-gallery-line\"><\/span> <\/div> <\/div> <\/div><div class=\"gem-textbox \"  ><div class=\"gem-textbox-inner\" style=\"\"><div class=\"gem-textbox-content\" style=\"background-color: #f5f5f5;background-position: center top;padding-top: 61px;padding-bottom: 50px;padding-left: 50px;padding-right: 50px;\"><div   class=\"gem-quote gem-quote-style-default \" ><blockquote  ><\/p>\n<p>Szeretn\u00e9l id\u0151utazni, de nem tudod kiv\u00e1rni, hogy lehets\u00e9ges legyen?<br \/>\nTetszenek a r\u00e9gm\u00falt id\u0151k \u00e9p\u00fcletei \u00e9s a benn\u00fck rejl\u0151 titkok?<br \/>\nKipr\u00f3b\u00e1ln\u00e1d milyen egy \u00faton j\u00e1rni Kossuth Lajossal,<br \/>\ngr\u00f3f Andr\u00e1ssy Gyul\u00e1val vagy Kazinczy Ferenccel?<\/p>\n<p><\/blockquote><\/div>[vc_text_separator title_level=&#8221;h4&#8243; title=&#8221;A s\u00e9ta n\u00e9gy k\u00fcl\u00f6nb\u00f6z\u0151 id\u0151tartam\u00fa verzi\u00f3ban ig\u00e9nyelhet\u0151:&#8221;][vc_empty_space][vc_tta_accordion active_section=&#8221;1&#8243; collapsible_all=&#8221;true&#8221;][vc_tta_section title=&#8221;k\u00e9t\u00f3r\u00e1s s\u00e9ta&#8221; tab_id=&#8221;ketoras&#8221;]<div class=\"gem-icon-with-text gem-icon-with-text-icon-size-small\" ><div style=\"margin-bottom:0px;margin-top:0px; \" class=\"gem-icon-with-text-icon\"><div class=\"gem-icon gem-icon-pack-fontawesome gem-icon-size-small  gem-icon-shape-square gem-simple-icon \"  style=\"opacity: 1;\"><div class=\"gem-icon-inner\" style=\"\"><span class=\"gem-icon-half-1\" style=\"color: ;\"><span class=\"back-angle\">&#xf277;<\/span><\/span><span class=\"gem-icon-half-2\" style=\"\"><span class=\"back-angle\">&#xf277;<\/span><\/span><\/div><\/div><\/div><div class=\"gem-icon-with-text-content\" ><div class=\"gem-icon-with-text-text\">[vc_column_text]<\/p>\n<p><strong>\u00datvonal: <\/strong>A Kossuth csal\u00e1d h\u00e1za &#8211; P\u00e1los-piarista templom &#8211; Szenth\u00e1roms\u00e1g k\u00e1polna &#8211; Kazinczy Ferenc M\u00fazeum &#8211; Kis v\u00e1rosh\u00e1za &#8211; Reform\u00e1tus templom &#8211; Kazinczy Ferenc szobra \u2013 V\u00e1rosh\u00e1za &#8211; Kossuth Zsuzsanna szobra &#8211; Kossuth h\u00e1z &#8211; Szent Fl\u00f3ri\u00e1n szobor &#8211; R\u00f3mai katolikus templom &#8211; Vad\u00e1szk\u00fcrt Sz\u00e1ll\u00f3 &#8211; Kossuth szobor<\/p>\n<p>[\/vc_column_text]<\/div><\/div><div class=\"clearboth\"><\/div><\/div><div class=\"gem-icon-with-text gem-icon-with-text-icon-size-small\" ><div style=\"margin-bottom:0px;margin-top:0px; \" class=\"gem-icon-with-text-icon\"><div class=\"gem-icon gem-icon-pack-material gem-icon-size-small  gem-icon-shape-square gem-simple-icon \"  style=\"opacity: 1;\"><div class=\"gem-icon-inner\" style=\"\"><span class=\"gem-icon-half-1\" style=\"color: ;\"><span class=\"back-angle\">&#xf1f9;<\/span><\/span><span class=\"gem-icon-half-2\" style=\"\"><span class=\"back-angle\">&#xf1f9;<\/span><\/span><\/div><\/div><\/div><div class=\"gem-icon-with-text-content\" ><div class=\"gem-icon-with-text-text\">[vc_column_text]<\/p>\n<p><strong>Neh\u00e9zs\u00e9gi szint: <\/strong>\u00e1tlagos \u00e1ll\u00f3k\u00e9pess\u00e9ggel, kond\u00edci\u00f3val teljes\u00edthet\u0151, k\u00f6nny\u0171 s\u00e9ta, szintemelked\u00e9s n\u00e9lk\u00fcl. Szeniorok, szenior csoportok sz\u00e1m\u00e1ra el\u0151zetes egyeztet\u00e9st javaslunk.<\/p>\n<p>[\/vc_column_text]<\/div><\/div><div class=\"clearboth\"><\/div><\/div><div class=\"gem-icon-with-text gem-icon-with-text-icon-size-small\" ><div style=\"margin-bottom:0px;margin-top:0px; \" class=\"gem-icon-with-text-icon\"><div class=\"gem-icon gem-icon-pack-material gem-icon-size-small  gem-icon-shape-square gem-simple-icon \"  style=\"opacity: 1;\"><div class=\"gem-icon-inner\" style=\"\"><span class=\"gem-icon-half-1\" style=\"color: ;\"><span class=\"back-angle\">&#xf1ea;<\/span><\/span><span class=\"gem-icon-half-2\" style=\"\"><span class=\"back-angle\">&#xf1ea;<\/span><\/span><\/div><\/div><\/div><div class=\"gem-icon-with-text-content\" ><div class=\"gem-icon-with-text-text\">[vc_column_text]<\/p>\n<p><strong>Jegy\u00e1rak:<\/strong><\/p>\n<p>A, Egy\u00e9ni turist\u00e1knak, csal\u00e1doknak, p\u00e1roknak, kisebb bar\u00e1ti t\u00e1rsas\u00e1goknak:<\/p>\n<ul>\n<li>csal\u00e1di jegy (2 feln\u0151tt, 2 gyerek\/6 \u2013 18 \u00c9v) &#8211; 9.000 Ft<\/li>\n<li>Di\u00e1k (18 \u00e9v alatt) &#8211; 2.000 Ft<\/li>\n<li>Gyermek &#8211; 6 \u00e9v alatt &#8211; ingyenes<\/li>\n<li>Feln\u0151tt &#8211; 2.800 Ft<\/li>\n<li>Nyugd\u00edjas &#8211; 2.000 Ft<\/li>\n<li><em>s\u00e1toralja\u00fajhelyieknek lakc\u00edmk\u00e1rtya bemutat\u00e1s\u00e1val 50%-os kedvezm\u00e9ny<\/em><\/li>\n<\/ul>\n<p>B, Csoportok sz\u00e1m\u00e1ra:<\/p>\n<ul>\n<li>A csoportos kedvezm\u00e9ny 15 f\u0151t\u0151l vehet\u0151 ig\u00e9nybe<\/li>\n<li>1.800 Ft\/f\u0151<\/li>\n<\/ul>\n<p>Kedvezm\u00e9ny csak egy jogc\u00edmen vehet\u0151 ig\u00e9nybe, 6 \u00e9ven aluli gyermekek sz\u00e1m\u00e1ra ingyenes<\/p>\n<p>[\/vc_column_text]<\/div><\/div><div class=\"clearboth\"><\/div><\/div><div class=\"gem-icon-with-text gem-icon-with-text-icon-size-small\" ><div style=\"margin-bottom:0px;margin-top:0px; \" class=\"gem-icon-with-text-icon\"><div class=\"gem-icon gem-icon-pack-material gem-icon-size-small  gem-icon-shape-square gem-simple-icon \"  style=\"opacity: 1;\"><div class=\"gem-icon-inner\" style=\"\"><span class=\"gem-icon-half-1\" style=\"color: ;\"><span class=\"back-angle\">&#xf10a;<\/span><\/span><span class=\"gem-icon-half-2\" style=\"\"><span class=\"back-angle\">&#xf10a;<\/span><\/span><\/div><\/div><\/div><div class=\"gem-icon-with-text-content\" ><div class=\"gem-icon-with-text-text\">[vc_column_text]<\/p>\n<p><strong>Minim\u00e1lis l\u00e9tsz\u00e1m:<\/strong> 5 f\u0151<br \/>\n<strong>Maxim\u00e1lis l\u00e9tsz\u00e1m:<\/strong> 45 f\u0151<\/p>\n<p>[\/vc_column_text]<\/div><\/div><div class=\"clearboth\"><\/div><\/div>[\/vc_tta_section][vc_tta_section title=&#8221;m\u00e1sf\u00e9l \u00f3r\u00e1s s\u00e9ta&#8221; tab_id=&#8221;masfeloras&#8221;]<div class=\"gem-icon-with-text gem-icon-with-text-icon-size-small\" ><div style=\"margin-bottom:0px;margin-top:0px; \" class=\"gem-icon-with-text-icon\"><div class=\"gem-icon gem-icon-pack-fontawesome gem-icon-size-small  gem-icon-shape-square gem-simple-icon \"  style=\"opacity: 1;\"><div class=\"gem-icon-inner\" style=\"\"><span class=\"gem-icon-half-1\" style=\"color: ;\"><span class=\"back-angle\">&#xf277;<\/span><\/span><span class=\"gem-icon-half-2\" style=\"\"><span class=\"back-angle\">&#xf277;<\/span><\/span><\/div><\/div><\/div><div class=\"gem-icon-with-text-content\" ><div class=\"gem-icon-with-text-text\">[vc_column_text]<\/p>\n<p><strong>\u00datvonal:<\/strong> A Kossuth csal\u00e1d h\u00e1za \u2013 P\u00e1los-piarista templom \u2013 Kazinczy Ferenc M\u00fazeum- Kis V\u00e1rosh\u00e1za \u2013 Reform\u00e1tus templom- Kazinczy Ferenc szobra \u2013 V\u00e1rosh\u00e1za &#8211; Kossuth Zsuzsanna szobra \u2013 Kossuth h\u00e1z \u2013 Szent Fl\u00f3ri\u00e1n szobor \u2013 Kossuth szobor<\/p>\n<p>[\/vc_column_text]<\/div><\/div><div class=\"clearboth\"><\/div><\/div><div class=\"gem-icon-with-text gem-icon-with-text-icon-size-small\" ><div style=\"margin-bottom:0px;margin-top:0px; \" class=\"gem-icon-with-text-icon\"><div class=\"gem-icon gem-icon-pack-material gem-icon-size-small  gem-icon-shape-square gem-simple-icon \"  style=\"opacity: 1;\"><div class=\"gem-icon-inner\" style=\"\"><span class=\"gem-icon-half-1\" style=\"color: ;\"><span class=\"back-angle\">&#xf1f9;<\/span><\/span><span class=\"gem-icon-half-2\" style=\"\"><span class=\"back-angle\">&#xf1f9;<\/span><\/span><\/div><\/div><\/div><div class=\"gem-icon-with-text-content\" ><div class=\"gem-icon-with-text-text\">[vc_column_text]<\/p>\n<p><strong>Neh\u00e9zs\u00e9gi szint:<\/strong> \u00e1tlagos \u00e1ll\u00f3k\u00e9pess\u00e9ggel, kond\u00edci\u00f3val teljes\u00edthet\u0151, k\u00f6nny\u0171 s\u00e9ta, szintemelked\u00e9s n\u00e9lk\u00fcl. Szeniorok, szenior csoportok sz\u00e1m\u00e1ra el\u0151zetes egyeztet\u00e9st javaslunk.<\/p>\n<p>[\/vc_column_text]<\/div><\/div><div class=\"clearboth\"><\/div><\/div><div class=\"gem-icon-with-text gem-icon-with-text-icon-size-small\" ><div style=\"margin-bottom:0px;margin-top:0px; \" class=\"gem-icon-with-text-icon\"><div class=\"gem-icon gem-icon-pack-material gem-icon-size-small  gem-icon-shape-square gem-simple-icon \"  style=\"opacity: 1;\"><div class=\"gem-icon-inner\" style=\"\"><span class=\"gem-icon-half-1\" style=\"color: ;\"><span class=\"back-angle\">&#xf1ea;<\/span><\/span><span class=\"gem-icon-half-2\" style=\"\"><span class=\"back-angle\">&#xf1ea;<\/span><\/span><\/div><\/div><\/div><div class=\"gem-icon-with-text-content\" ><div class=\"gem-icon-with-text-text\">[vc_column_text]<\/p>\n<p><strong>Jegy\u00e1rak:<\/strong><\/p>\n<p>A, Egy\u00e9ni turist\u00e1knak, csal\u00e1doknak, p\u00e1roknak, kisebb bar\u00e1ti t\u00e1rsas\u00e1goknak:<\/p>\n<ul>\n<li>Csal\u00e1di jegy (2 feln\u0151tt, 2 gyerek\/6 &#8211; 18 \u00c9v) &#8211; 6.800 Ft<\/li>\n<li>Di\u00e1k (18 \u00e9v alatt) &#8211; 1.500 Ft<\/li>\n<li>Gyermek &#8211; 6 \u00e9v alatt &#8211; ingyenes<\/li>\n<li>Feln\u0151tt &#8211; 2.200 Ft<\/li>\n<li>Nyugd\u00edjas &#8211; 1.500 Ft<\/li>\n<li><em>s\u00e1toralja\u00fajhelyieknek lakc\u00edmk\u00e1rtya bemutat\u00e1s\u00e1val 50%-os kedvezm\u00e9ny<\/em><\/li>\n<\/ul>\n<p>B, Csoportok sz\u00e1m\u00e1ra:<\/p>\n<ul>\n<li>A csoportos kedvezm\u00e9ny 15 f\u0151t\u0151l vehet\u0151 ig\u00e9nybe<\/li>\n<li>\u00a01.300 Ft\/f\u0151<\/li>\n<\/ul>\n<p>Kedvezm\u00e9ny csak egy jogc\u00edmen vehet\u0151 ig\u00e9nybe, 6 \u00e9ven aluli gyermekek sz\u00e1m\u00e1ra ingyenes<\/p>\n<p>[\/vc_column_text]<\/div><\/div><div class=\"clearboth\"><\/div><\/div><div class=\"gem-icon-with-text gem-icon-with-text-icon-size-small\" ><div style=\"margin-bottom:0px;margin-top:0px; \" class=\"gem-icon-with-text-icon\"><div class=\"gem-icon gem-icon-pack-material gem-icon-size-small  gem-icon-shape-square gem-simple-icon \"  style=\"opacity: 1;\"><div class=\"gem-icon-inner\" style=\"\"><span class=\"gem-icon-half-1\" style=\"color: ;\"><span class=\"back-angle\">&#xf10a;<\/span><\/span><span class=\"gem-icon-half-2\" style=\"\"><span class=\"back-angle\">&#xf10a;<\/span><\/span><\/div><\/div><\/div><div class=\"gem-icon-with-text-content\" ><div class=\"gem-icon-with-text-text\">[vc_column_text]<\/p>\n<p><strong>Minim\u00e1lis l\u00e9tsz\u00e1m:<\/strong> 5 f\u0151<br \/>\n<strong>Maxim\u00e1lis l\u00e9tsz\u00e1m:<\/strong> 45 f\u0151<\/p>\n<p>[\/vc_column_text]<\/div><\/div><div class=\"clearboth\"><\/div><\/div>[\/vc_tta_section][vc_tta_section title=&#8221;egy \u00f3r\u00e1s s\u00e9ta&#8221; tab_id=&#8221;egyoras&#8221;]<div class=\"gem-icon-with-text gem-icon-with-text-icon-size-small\" ><div style=\"margin-bottom:0px;margin-top:0px; \" class=\"gem-icon-with-text-icon\"><div class=\"gem-icon gem-icon-pack-fontawesome gem-icon-size-small  gem-icon-shape-square gem-simple-icon \"  style=\"opacity: 1;\"><div class=\"gem-icon-inner\" style=\"\"><span class=\"gem-icon-half-1\" style=\"color: ;\"><span class=\"back-angle\">&#xf277;<\/span><\/span><span class=\"gem-icon-half-2\" style=\"\"><span class=\"back-angle\">&#xf277;<\/span><\/span><\/div><\/div><\/div><div class=\"gem-icon-with-text-content\" ><div class=\"gem-icon-with-text-text\">[vc_column_text]<\/p>\n<p><strong>\u00datvonal:<\/strong> A\u00a0Kossuth csal\u00e1d h\u00e1za &#8211; P\u00e1los-piarista templom &#8211; Kazinczy Ferenc M\u00fazeum &#8211;\u00a0Kazinczy Ferenc szobra \u2013 V\u00e1rosh\u00e1za &#8211; Kossuth Zsuzsanna szobra &#8211; Kossuth h\u00e1z &#8211; Kossuth szobor<\/p>\n<p>[\/vc_column_text]<\/div><\/div><div class=\"clearboth\"><\/div><\/div><div class=\"gem-icon-with-text gem-icon-with-text-icon-size-small\" ><div style=\"margin-bottom:0px;margin-top:0px; \" class=\"gem-icon-with-text-icon\"><div class=\"gem-icon gem-icon-pack-material gem-icon-size-small  gem-icon-shape-square gem-simple-icon \"  style=\"opacity: 1;\"><div class=\"gem-icon-inner\" style=\"\"><span class=\"gem-icon-half-1\" style=\"color: ;\"><span class=\"back-angle\">&#xf1f9;<\/span><\/span><span class=\"gem-icon-half-2\" style=\"\"><span class=\"back-angle\">&#xf1f9;<\/span><\/span><\/div><\/div><\/div><div class=\"gem-icon-with-text-content\" ><div class=\"gem-icon-with-text-text\">[vc_column_text]<\/p>\n<p><strong>Neh\u00e9zs\u00e9gi szint:<\/strong> mindenki sz\u00e1m\u00e1ra teljes\u00edthet\u0151<\/p>\n<p>[\/vc_column_text]<\/div><\/div><div class=\"clearboth\"><\/div><\/div><div class=\"gem-icon-with-text gem-icon-with-text-icon-size-small\" ><div style=\"margin-bottom:0px;margin-top:0px; \" class=\"gem-icon-with-text-icon\"><div class=\"gem-icon gem-icon-pack-material gem-icon-size-small  gem-icon-shape-square gem-simple-icon \"  style=\"opacity: 1;\"><div class=\"gem-icon-inner\" style=\"\"><span class=\"gem-icon-half-1\" style=\"color: ;\"><span class=\"back-angle\">&#xf1ea;<\/span><\/span><span class=\"gem-icon-half-2\" style=\"\"><span class=\"back-angle\">&#xf1ea;<\/span><\/span><\/div><\/div><\/div><div class=\"gem-icon-with-text-content\" ><div class=\"gem-icon-with-text-text\">[vc_column_text]<\/p>\n<p><strong>Jegy\u00e1rak:<\/strong><\/p>\n<p>A, Egy\u00e9ni turist\u00e1knak, csal\u00e1doknak, p\u00e1roknak, kisebb bar\u00e1ti t\u00e1rsas\u00e1goknak:<\/p>\n<ul>\n<li>csal\u00e1di jegy (2 feln\u0151tt, 2 gyerek\/6 &#8211; 18 \u00c9v) &#8211; 4.700 Ft<\/li>\n<li>Di\u00e1k (18 \u00e9v alatt) &#8211; 1.100 Ft<\/li>\n<li>Gyermek &#8211; 6 \u00e9v alatt &#8211; ingyenes<\/li>\n<li>Feln\u0151tt &#8211; 1.500 Ft<\/li>\n<li>Nyugd\u00edjas &#8211; 1.100 Ft<\/li>\n<li><em>s\u00e1toralja\u00fajhelyieknek lakc\u00edmk\u00e1rtya bemutat\u00e1s\u00e1val 50%-os kedvezm\u00e9ny<\/em><\/li>\n<\/ul>\n<p>B, Csoportok sz\u00e1m\u00e1ra:<\/p>\n<ul>\n<li>A csoportos kedvezm\u00e9ny 15 f\u0151t\u0151l vehet\u0151 ig\u00e9nybe<\/li>\n<li>900 Ft\/f\u0151<\/li>\n<\/ul>\n<p>Kedvezm\u00e9ny csak egy jogc\u00edmen vehet\u0151 ig\u00e9nybe, 6 \u00e9ven aluli gyermekek sz\u00e1m\u00e1ra ingyenes<\/p>\n<p>[\/vc_column_text]<\/div><\/div><div class=\"clearboth\"><\/div><\/div><div class=\"gem-icon-with-text gem-icon-with-text-icon-size-small\" ><div style=\"margin-bottom:0px;margin-top:0px; \" class=\"gem-icon-with-text-icon\"><div class=\"gem-icon gem-icon-pack-material gem-icon-size-small  gem-icon-shape-square gem-simple-icon \"  style=\"opacity: 1;\"><div class=\"gem-icon-inner\" style=\"\"><span class=\"gem-icon-half-1\" style=\"color: ;\"><span class=\"back-angle\">&#xf10a;<\/span><\/span><span class=\"gem-icon-half-2\" style=\"\"><span class=\"back-angle\">&#xf10a;<\/span><\/span><\/div><\/div><\/div><div class=\"gem-icon-with-text-content\" ><div class=\"gem-icon-with-text-text\">[vc_column_text]<\/p>\n<p><strong>Minim\u00e1lis l\u00e9tsz\u00e1m:<\/strong> 5 f\u0151<br \/>\n<strong>Maxim\u00e1lis l\u00e9tsz\u00e1m:<\/strong> 45 f\u0151<\/p>\n<p>[\/vc_column_text]<\/div><\/div><div class=\"clearboth\"><\/div><\/div>[\/vc_tta_section][vc_tta_section title=&#8221;f\u00e9l \u00f3r\u00e1s s\u00e9ta&#8221; tab_id=&#8221;feloras&#8221;]<div class=\"gem-icon-with-text gem-icon-with-text-icon-size-small\" ><div style=\"margin-bottom:0px;margin-top:0px; \" class=\"gem-icon-with-text-icon\"><div class=\"gem-icon gem-icon-pack-fontawesome gem-icon-size-small  gem-icon-shape-square gem-simple-icon \"  style=\"opacity: 1;\"><div class=\"gem-icon-inner\" style=\"\"><span class=\"gem-icon-half-1\" style=\"color: ;\"><span class=\"back-angle\">&#xf277;<\/span><\/span><span class=\"gem-icon-half-2\" style=\"\"><span class=\"back-angle\">&#xf277;<\/span><\/span><\/div><\/div><\/div><div class=\"gem-icon-with-text-content\" ><div class=\"gem-icon-with-text-text\">[vc_column_text]<\/p>\n<p><strong>\u00datvonal:<\/strong> A Kossuth csal\u00e1d h\u00e1za &#8211; P\u00e1los-piarista templom &#8211; Kazinczy Ferenc M\u00fazeum &#8211; Kazinczy Ferenc szobra \u2013 V\u00e1rosh\u00e1za &#8211; Kossuth Zsuzsanna szobra &#8211; Kossuth h\u00e1z &#8211; Kossuth szobor<\/p>\n<p>[\/vc_column_text]<\/div><\/div><div class=\"clearboth\"><\/div><\/div><div class=\"gem-icon-with-text gem-icon-with-text-icon-size-small\" ><div style=\"margin-bottom:0px;margin-top:0px; \" class=\"gem-icon-with-text-icon\"><div class=\"gem-icon gem-icon-pack-material gem-icon-size-small  gem-icon-shape-square gem-simple-icon \"  style=\"opacity: 1;\"><div class=\"gem-icon-inner\" style=\"\"><span class=\"gem-icon-half-1\" style=\"color: ;\"><span class=\"back-angle\">&#xf1f9;<\/span><\/span><span class=\"gem-icon-half-2\" style=\"\"><span class=\"back-angle\">&#xf1f9;<\/span><\/span><\/div><\/div><\/div><div class=\"gem-icon-with-text-content\" ><div class=\"gem-icon-with-text-text\">[vc_column_text]<\/p>\n<p><strong>Neh\u00e9zs\u00e9gi szint:<\/strong> mindenki sz\u00e1m\u00e1ra teljes\u00edthet\u0151<\/p>\n<p>[\/vc_column_text]<\/div><\/div><div class=\"clearboth\"><\/div><\/div><div class=\"gem-icon-with-text gem-icon-with-text-icon-size-small\" ><div style=\"margin-bottom:0px;margin-top:0px; \" class=\"gem-icon-with-text-icon\"><div class=\"gem-icon gem-icon-pack-material gem-icon-size-small  gem-icon-shape-square gem-simple-icon \"  style=\"opacity: 1;\"><div class=\"gem-icon-inner\" style=\"\"><span class=\"gem-icon-half-1\" style=\"color: ;\"><span class=\"back-angle\">&#xf1ea;<\/span><\/span><span class=\"gem-icon-half-2\" style=\"\"><span class=\"back-angle\">&#xf1ea;<\/span><\/span><\/div><\/div><\/div><div class=\"gem-icon-with-text-content\" ><div class=\"gem-icon-with-text-text\">[vc_column_text]<\/p>\n<p><strong>Jegy\u00e1rak:<\/strong><\/p>\n<p>A, Egy\u00e9ni turist\u00e1knak, csal\u00e1doknak, p\u00e1roknak, kisebb bar\u00e1ti t\u00e1rsas\u00e1goknak:<\/p>\n<ul>\n<li>csal\u00e1di jegy (2 feln\u0151tt, 2 gyerek\/6 &#8211; 18 \u00c9v) &#8211; 2.300 Ft<\/li>\n<li>Di\u00e1k (18 \u00e9v alatt) &#8211; 600 Ft\/f\u0151<\/li>\n<li>Gyermek &#8211; 6 \u00e9v alatt &#8211; ingyenes<\/li>\n<li>Feln\u0151tt &#8211; 800 Ft\/f\u0151<\/li>\n<li>Nyugd\u00edjas &#8211; 600 Ft\/f\u0151<\/li>\n<li><em>s\u00e1toralja\u00fajhelyieknek lakc\u00edmk\u00e1rtya bemutat\u00e1s\u00e1val 50%-os kedvezm\u00e9ny<\/em><\/li>\n<\/ul>\n<p>B, Csoportok sz\u00e1m\u00e1ra:<\/p>\n<ul>\n<li>A csoportos kedvezm\u00e9ny 15 f\u0151t\u0151l vehet\u0151 ig\u00e9nybe<\/li>\n<li>400 Ft\/f\u0151<\/li>\n<\/ul>\n<p>Kedvezm\u00e9ny csak egy jogc\u00edmen vehet\u0151 ig\u00e9nybe, 6 \u00e9ven aluli gyermekek sz\u00e1m\u00e1ra ingyenes<\/p>\n<p>[\/vc_column_text]<\/div><\/div><div class=\"clearboth\"><\/div><\/div><div class=\"gem-icon-with-text gem-icon-with-text-icon-size-small\" ><div style=\"margin-bottom:0px;margin-top:0px; \" class=\"gem-icon-with-text-icon\"><div class=\"gem-icon gem-icon-pack-material gem-icon-size-small  gem-icon-shape-square gem-simple-icon \"  style=\"opacity: 1;\"><div class=\"gem-icon-inner\" style=\"\"><span class=\"gem-icon-half-1\" style=\"color: ;\"><span class=\"back-angle\">&#xf10a;<\/span><\/span><span class=\"gem-icon-half-2\" style=\"\"><span class=\"back-angle\">&#xf10a;<\/span><\/span><\/div><\/div><\/div><div class=\"gem-icon-with-text-content\" ><div class=\"gem-icon-with-text-text\">[vc_column_text]<\/p>\n<p><strong>Minim\u00e1lis l\u00e9tsz\u00e1m:<\/strong> 5 f\u0151<br \/>\n<strong>Maxim\u00e1lis l\u00e9tsz\u00e1m:<\/strong> 45 f\u0151<\/p>\n<p>[\/vc_column_text]<\/div><\/div><div class=\"clearboth\"><\/div><\/div>[\/vc_tta_section][vc_tta_section add_icon=&#8221;true&#8221; title=&#8221;Tov\u00e1bbi tudnival\u00f3k&#8221; tab_id=&#8221;1643363011820-8c899797-ee59&#8243; i_icon_elegant=&#8221;gem-print-icon gem-icon-pack-elegant icon_info&#8221;]<div class=\"gem-icon-with-text gem-icon-with-text-icon-size-small\" ><div style=\"margin-bottom:0px;margin-top:0px; \" class=\"gem-icon-with-text-icon\"><div class=\"gem-icon gem-icon-pack-material gem-icon-size-small  gem-icon-shape-square gem-simple-icon \"  style=\"opacity: 1;\"><div class=\"gem-icon-inner\" style=\"\"><span class=\"gem-icon-half-1\" style=\"color: ;\"><span class=\"back-angle\">&#xf11c;<\/span><\/span><span class=\"gem-icon-half-2\" style=\"\"><span class=\"back-angle\">&#xf11c;<\/span><\/span><\/div><\/div><\/div><div class=\"gem-icon-with-text-content\" ><div class=\"gem-icon-with-text-text\">[vc_column_text]<\/p>\n<p>A s\u00e9t\u00e1k el\u0151zetes egyeztet\u00e9ssel vehet\u0151k ig\u00e9nybe, \u00e1prilist\u00f3l okt\u00f3berig.<\/p>\n<p>Az el\u0151zetes ig\u00e9nyt 48 \u00f3r\u00e1val sz\u00fcks\u00e9ges jeleznie a csoportoknak a s\u00e9ta \u00e1ltaluk tervezett id\u0151pontja el\u0151tt!<\/p>\n<p>[\/vc_column_text]<\/div><\/div><div class=\"clearboth\"><\/div><\/div><div class=\"gem-icon-with-text gem-icon-with-text-icon-size-small\" ><div style=\"margin-bottom:0px;margin-top:0px; \" class=\"gem-icon-with-text-icon\"><div class=\"gem-icon gem-icon-pack-material gem-icon-size-small  gem-icon-shape-square gem-simple-icon \"  style=\"opacity: 1;\"><div class=\"gem-icon-inner\" style=\"\"><span class=\"gem-icon-half-1\" style=\"color: ;\"><span class=\"back-angle\">&#xf1f9;<\/span><\/span><span class=\"gem-icon-half-2\" style=\"\"><span class=\"back-angle\">&#xf1f9;<\/span><\/span><\/div><\/div><\/div><div class=\"gem-icon-with-text-content\" ><div class=\"gem-icon-with-text-text\">[vc_column_text]<\/p>\n<p>Akad\u00e1lymentes\u00edtett s\u00e9t\u00e1k, teljes hossz\u00e1ban bej\u00e1rhat\u00f3ak kerekessz\u00e9kkel is.<\/p>\n<p>Egy\u00e9b ism\u00e9rvek: kutyabar\u00e1t, gyermekbar\u00e1t s\u00e9t\u00e1k<\/p>\n<p>[\/vc_column_text]<\/div><\/div><div class=\"clearboth\"><\/div><\/div><div class=\"gem-icon-with-text gem-icon-with-text-icon-size-small\" ><div style=\"margin-bottom:0px;margin-top:0px; \" class=\"gem-icon-with-text-icon\"><div class=\"gem-icon gem-icon-pack-material gem-icon-size-small  gem-icon-shape-square gem-simple-icon \"  style=\"opacity: 1;\"><div class=\"gem-icon-inner\" style=\"\"><span class=\"gem-icon-half-1\" style=\"color: ;\"><span class=\"back-angle\">&#xf10a;<\/span><\/span><span class=\"gem-icon-half-2\" style=\"\"><span class=\"back-angle\">&#xf10a;<\/span><\/span><\/div><\/div><\/div><div class=\"gem-icon-with-text-content\" ><div class=\"gem-icon-with-text-text\">[vc_column_text]<\/p>\n<p>Minim\u00e1lis l\u00e9tsz\u00e1m 5 f\u0151, maxim\u00e1lis l\u00e9tsz\u00e1m: 45 f\u0151<\/p>\n<p>[\/vc_column_text]<\/div><\/div><div class=\"clearboth\"><\/div><\/div>[\/vc_tta_section][\/vc_tta_accordion]<div class=\"thegem-te-heading thegem-custom-69f39f92acc2e2111\" ><h1 id=\"thegem-heading-69f39f92aca3a\" class=\"thegem-heading thegem-custom-heading-69f39f92aca354616 title-h3\" style=\"text-align: center;\" ><span>Kapcsolat<\/span><\/h1><style type=\"text\/css\">#thegem-heading-69f39f92aca3a {margin: 0;}#thegem-heading-69f39f92aca3a {margin-left: auto; margin-right: auto;}#thegem-heading-69f39f92aca3a > * {justify-content: center;}#thegem-heading-69f39f92aca3a .light, #thegem-heading-69f39f92aca3a {font-family:Roboto Condensed; font-weight:100; font-style:normal; }#thegem-heading-69f39f92aca3a a:hover, #thegem-heading-69f39f92aca3a a:hover span.colored {color: var(--thegem-to-menu-level1-color-hover, #00BCD4) !important;}<\/style><\/div><style>@media screen and (max-width: 1023px) {.thegem-heading.thegem-custom-heading-69f39f92aca354616{display: block!important;}}@media screen and (max-width: 767px) {.thegem-heading.thegem-custom-heading-69f39f92aca354616{display: block!important;}}@media screen and (max-width: 1023px) {.thegem-heading.thegem-custom-heading-69f39f92aca354616{position: relative !important;}}@media screen and (max-width: 767px) {.thegem-heading.thegem-custom-heading-69f39f92aca354616{position: relative !important;}}<\/style><div class=\"thegem-te-heading thegem-custom-69f39f92acf627301\" ><h1 id=\"thegem-heading-69f39f92ace17\" class=\"thegem-heading thegem-custom-heading-69f39f92ace13197 title-h5\" style=\"text-align: center;\" ><span>+36 70 434 1516<\/span><\/h1><style type=\"text\/css\">#thegem-heading-69f39f92ace17 {margin: 0;}#thegem-heading-69f39f92ace17 {margin-left: auto; margin-right: auto;}#thegem-heading-69f39f92ace17 > * {justify-content: center;}#thegem-heading-69f39f92ace17 .light, #thegem-heading-69f39f92ace17 {font-family:Roboto Condensed; font-weight:100; font-style:normal; }#thegem-heading-69f39f92ace17 a:hover, #thegem-heading-69f39f92ace17 a:hover span.colored {color: var(--thegem-to-menu-level1-color-hover, #00BCD4) !important;}<\/style><\/div><style>@media screen and (max-width: 1023px) {.thegem-heading.thegem-custom-heading-69f39f92ace13197{display: block!important;}}@media screen and (max-width: 767px) {.thegem-heading.thegem-custom-heading-69f39f92ace13197{display: block!important;}}@media screen and (max-width: 1023px) {.thegem-heading.thegem-custom-heading-69f39f92ace13197{position: relative !important;}}@media screen and (max-width: 767px) {.thegem-heading.thegem-custom-heading-69f39f92ace13197{position: relative !important;}}<\/style><div class=\"gem-team row inline-row gem-interactions-enabled gem-team-style-1\" >\n<div class=\"col-xs-12 inline-column\"> <div id=\"post-516\" class=\"team-person centered-box default-background post-516 thegem_team_person type-thegem_team_person status-publish has-post-thumbnail\" style=\" \"> <div class=\"team-person-image\"><img width=\"240\" height=\"240\" src=\"https:\/\/zempleninfo.eu\/wp-content\/uploads\/Sablonhoz\/Face\/BlanarR_f-thegem-person-240.jpg\" class=\"img-responsive wp-post-image\" alt=\"BlanarR_f\" srcset=\"https:\/\/zempleninfo.eu\/wp-content\/uploads\/Sablonhoz\/Face\/BlanarR_f-thegem-person.jpg 2x\" sizes=\"100vw\" \/><\/div> <div class=\"team-person-info\"> <div class=\"team-person-name title-h4\" >Blan\u00e1r R\u00f3bert<\/div> <div class=\"team-person-position date-color\" >idegenvezet\u0151<\/div> <div class=\"gem-styled-color-1\"><div class=\"team-person-phone title-h5\"><a href=\"tel:+36%2030%20454%202103\">+36 30 454 2103<\/a><\/div><\/div> <div class=\"team-person-email\"><a href=\"mailto:info@ujhelyiturizmus.hu\">info@ujhelyiturizmus.hu<\/a><\/div> <\/div> <div class=\"socials team-person-socials socials-colored-hover\"><a title=\"Facebook\" target=\"_blank\" href=\"https:\/\/www.facebook.com\/blanar.robert\" class=\"socials-item\"><i class=\"socials-item-icon social-item-rounded facebook\"><\/i><\/a><\/div> <\/div>\n<\/div>\n<\/div><\/div><\/div><\/div>[\/vc_column][\/vc_row]<\/p>\n<\/div>","protected":false},"excerpt":{"rendered":"<p>[vc_row full_width=&#8221;stretch_row&#8221; css=&#8221;.vc_custom_1582110066166{margin-bottom: 0px !important;}&#8221;][vc_column css=&#8221;.vc_custom_1553589470450{margin-top: 0px !important;margin-bottom: 0px !important;padding-top: 0px !important;padding-bottom: 0px !important;}&#8221;][\/vc_column][\/vc_row]<\/p>\n","protected":false},"author":1,"featured_media":217018,"comment_status":"closed","ping_status":"closed","sticky":false,"template":"","format":"standard","meta":{"footnotes":""},"categories":[929],"tags":[938,936,538],"class_list":{"0":"post-217005","1":"post","2":"type-post","3":"status-publish","4":"format-standard","5":"has-post-thumbnail","7":"category-tematikus","8":"tag-gyalogos","9":"tag-idegenvezetes","10":"tag-satoraljaujhely"},"lang":"hu","translations":{"hu":217005},"pll_sync_post":[],"menu_order":0,"_links":{"self":[{"href":"https:\/\/zempleninfo.eu\/index.php?rest_route=\/wp\/v2\/posts\/217005","targetHints":{"allow":["GET"]}}],"collection":[{"href":"https:\/\/zempleninfo.eu\/index.php?rest_route=\/wp\/v2\/posts"}],"about":[{"href":"https:\/\/zempleninfo.eu\/index.php?rest_route=\/wp\/v2\/types\/post"}],"author":[{"embeddable":true,"href":"https:\/\/zempleninfo.eu\/index.php?rest_route=\/wp\/v2\/users\/1"}],"replies":[{"embeddable":true,"href":"https:\/\/zempleninfo.eu\/index.php?rest_route=%2Fwp%2Fv2%2Fcomments&post=217005"}],"version-history":[{"count":3,"href":"https:\/\/zempleninfo.eu\/index.php?rest_route=\/wp\/v2\/posts\/217005\/revisions"}],"predecessor-version":[{"id":220129,"href":"https:\/\/zempleninfo.eu\/index.php?rest_route=\/wp\/v2\/posts\/217005\/revisions\/220129"}],"wp:featuredmedia":[{"embeddable":true,"href":"https:\/\/zempleninfo.eu\/index.php?rest_route=\/wp\/v2\/media\/217018"}],"wp:attachment":[{"href":"https:\/\/zempleninfo.eu\/index.php?rest_route=%2Fwp%2Fv2%2Fmedia&parent=217005"}],"wp:term":[{"taxonomy":"category","embeddable":true,"href":"https:\/\/zempleninfo.eu\/index.php?rest_route=%2Fwp%2Fv2%2Fcategories&post=217005"},{"taxonomy":"post_tag","embeddable":true,"href":"https:\/\/zempleninfo.eu\/index.php?rest_route=%2Fwp%2Fv2%2Ftags&post=217005"}],"curies":[{"name":"wp","href":"https:\/\/api.w.org\/{rel}","templated":true}]}}