{"id":213732,"date":"2020-11-10T15:38:02","date_gmt":"2020-11-10T15:38:02","guid":{"rendered":"http:\/\/2020.zempleninfo.eu\/?p=213732"},"modified":"2022-03-22T12:54:50","modified_gmt":"2022-03-22T11:54:50","slug":"kis-milic-konnyeden","status":"publish","type":"post","link":"https:\/\/zempleninfo.eu\/?p=213732","title":{"rendered":"Kis-Milic k\u00f6nnyed\u00e9n"},"content":{"rendered":"<div class=\"wpb-content-wrapper\"><p>[vc_row full_width=&#8221;stretch_row&#8221; css=&#8221;.vc_custom_1582110066166{margin-bottom: 0px !important;}&#8221;][vc_column css=&#8221;.vc_custom_1553589470450{margin-top: 0px !important;margin-bottom: 0px !important;padding-top: 0px !important;padding-bottom: 0px !important;}&#8221;][vc_custom_heading source=&#8221;post_title&#8221; font_container=&#8221;tag:h4|text_align:left&#8221; google_fonts=&#8221;font_family:Roboto%20Condensed%3A300%2C300italic%2Cregular%2Citalic%2C700%2C700italic|font_style:400%20regular%3A400%3Anormal&#8221;][vc_column_text]<\/p>\n<blockquote>\n<p>Vezekelni sosem k\u00e9s\u0151<\/p>\n<\/blockquote>\n<p>[\/vc_column_text][vc_empty_space height=&#8221;25px&#8221;][vc_row_inner][vc_column_inner width=&#8221;1\/3&#8243;][vc_images_carousel images=&#8221;213736,213735&#8243; img_size=&#8221;medium&#8221; hide_pagination_control=&#8221;yes&#8221; wrap=&#8221;yes&#8221;][\/vc_column_inner][vc_column_inner width=&#8221;2\/3&#8243; css=&#8221;.vc_custom_1604496276845{margin-left: 15px !important;}&#8221;][vc_column_text]Azt gondoln\u00e1nk, hogy a Zempl\u00e9ni-hegys\u00e9gt\u0151l \u00e9szakra emelked\u0151 Milic-hegys\u00e9g egyik legszebb panor\u00e1m\u00e1j\u00e1t megtapasztalni csak \u00fagy lehet, hogy az ember t\u00e9rdig j\u00e1rja a l\u00e1b\u00e1t \u00e9s a nyelv\u00e9t taposva kapkod leveg\u0151 ut\u00e1n. \u201eBizony, mondom n\u00e9ktek\u201d, van r\u00e1 lehet\u0151s\u00e9g, hogy k\u00fcl\u00f6n\u00f6sebb meger\u0151ltet\u00e9s n\u00e9lk\u00fcl is megtapasztalja az ember azt a gy\u00f6ny\u00f6rt, mely a Kis-Milicen \u00e9p\u00fclt K\u00e1rolyi kil\u00e1t\u00f3n val\u00f3 b\u00e1m\u00e9szkod\u00e1s jelent. \u00cdme h\u00e1t az eset, ahogy megesett:[\/vc_column_text][\/vc_column_inner][\/vc_row_inner][vc_row_inner][vc_column_inner width=&#8221;1\/3&#8243;][vc_images_carousel images=&#8221;213737,213738&#8243; img_size=&#8221;medium&#8221; hide_pagination_control=&#8221;yes&#8221; wrap=&#8221;yes&#8221;][\/vc_column_inner][vc_column_inner width=&#8221;2\/3&#8243; css=&#8221;.vc_custom_1604496276845{margin-left: 15px !important;}&#8221;][vc_column_text]Nem sz\u00edvesen teszem, de most minden olyan t\u00far\u00e1z\u00f3t, aki mell\u0151zni szeretn\u00e9 a f\u00e1rads\u00e1got, arra k\u00e9rek, \u00fclj\u00f6n aut\u00f3ba, \u00e9s S\u00e1toralja\u00fajhelyt \u00c9szak fel\u00e9 elhagyva, Sz\u00e9phalmot, Mik\u00f3h\u00e1z\u00e1t \u00e9s P\u00e1lh\u00e1z\u00e1t \u00e1tszelve a F\u00fcz\u00e9rkajata ut\u00e1ni hegyi szakasz v\u00e9g\u00e9n vegye az ir\u00e1nyt balra, \u00e9s F\u00fcz\u00e9rkoml\u00f3son kereszt\u00fcl aut\u00f3zzon eg\u00e9szen Holl\u00f3h\u00e1z\u00e1n t\u00fal, ahol m\u00e9g miel\u0151tt K\u00e9kedre gurulna, forduljon jobbra, majd kb. 50 m ut\u00e1n megint jobbra. Az aut\u00f3 itt egy keskeny, de ann\u00e1l szebben leaszfaltozott erdei \u00fatra t\u00e9r, mely a Boh\u00f3-r\u00e9ten \u00e1t eg\u00e9szen L\u00e1szl\u00f3tanya v\u00e9g\u00e9ig, az egykori kast\u00e9lykert parkol\u00f3j\u00e1ig visz.[\/vc_column_text][\/vc_column_inner][\/vc_row_inner][vc_row_inner][vc_column_inner width=&#8221;1\/3&#8243;][vc_images_carousel images=&#8221;213739,213740&#8243; img_size=&#8221;medium&#8221; hide_pagination_control=&#8221;yes&#8221; wrap=&#8221;yes&#8221;][\/vc_column_inner][vc_column_inner width=&#8221;2\/3&#8243; css=&#8221;.vc_custom_1604496276845{margin-left: 15px !important;}&#8221;][vc_column_text]Ott leparkolva ideje felvenni a ny\u00falcip\u0151t, \u00e9s uzsgyi, neki a hegynek. Hab\u00e1r a ker\u00edt\u00e9s mellett is fel lehet m\u00e1szni a k\u00e9k jelz\u00e9s\u0171 turista\u00fatig, akinek m\u00e9g ez is meredek, s\u00e9t\u00e1ljon vissza az aszfalt \u00faton, \u00e9s balra felt\u00e9rve kezdje meg a k\u00e9ken az oda-vissza kb. 3-4 \u00f3r\u00e1s s\u00e9t\u00e1t.[\/vc_column_text][\/vc_column_inner][\/vc_row_inner][vc_row_inner][vc_column_inner width=&#8221;1\/3&#8243;][vc_images_carousel images=&#8221;213742,213743&#8243; img_size=&#8221;medium&#8221; hide_pagination_control=&#8221;yes&#8221; wrap=&#8221;yes&#8221;][\/vc_column_inner][vc_column_inner width=&#8221;2\/3&#8243; css=&#8221;.vc_custom_1604496276845{margin-left: 15px !important;}&#8221;][vc_column_text]Sz\u00e9les, k\u00f6nnyen j\u00e1rhat\u00f3 az \u00fat eg\u00e9szen a Nagy-Milic hat\u00e1rk\u00f6v\u00e9ig, ahol sajn\u00e1lattal tapasztalhat\u00f3 a bosszant\u00f3 l\u00e1tv\u00e1ny, mi szerint \u201eszlov\u00e1k bar\u00e1taink\u201d kisaj\u00e1t\u00edtott\u00e1k maguknak a cs\u00facs-hat\u00e1rk\u00f6vet s az inform\u00e1ci\u00f3s t\u00e1bl\u00e1t egyar\u00e1nt. A t\u00e1bla tetej\u00e9n megmaradt trikolor szalagocsk\u00e1n k\u00edv\u00fcl gyakorlatilag semmi sem hirdeti, hogy ez m\u00e9g magyar f\u00f6ld, hacsak nem az obeliszk magyar oldal\u00e1n a szlov\u00e1k c\u00edmer alatt v\u00f6r\u00f6shom\u00e1lyba vesz\u0151 nagy Magyarorsz\u00e1g folt.[\/vc_column_text][\/vc_column_inner][\/vc_row_inner][vc_row_inner][vc_column_inner width=&#8221;1\/3&#8243;][vc_images_carousel images=&#8221;213741,213745&#8243; img_size=&#8221;medium&#8221; hide_pagination_control=&#8221;yes&#8221; wrap=&#8221;yes&#8221;][\/vc_column_inner][vc_column_inner width=&#8221;2\/3&#8243; css=&#8221;.vc_custom_1604496276845{margin-left: 15px !important;}&#8221;][vc_column_text]Am\u00fagy kellemes piknikhely a cs\u00facs, ahol egy asztal \u00e9s k\u00e9t pad szolg\u00e1lja a pihen\u00e9s, vagy \u00e9ppen az \u00e9tkez\u00e9s engesztel\u0151 perceit. Itt jegyzem meg, hogy ottj\u00e1rtunkkor el\u00e9g sok szem\u00e9t hevert a f\u00e1k k\u00f6z\u00f6tt. Ugye te nem vagy az a fajta, aki sz\u00e9tdob\u00e1lja az erd\u0151ben, amit nincs kedve m\u00e1r cipelni? Mellesleg ez a vil\u00e1g egyik nagy tal\u00e1nya: a szerencs\u00e9tlen felcipel mag\u00e1val egy k\u00f3l\u00e1val teli flakont, majd amikor az m\u00e1r ki\u0171r\u00fcl, nem b\u00edrja tov\u00e1bb cipelni \u00e9s eldobja.[\/vc_column_text][\/vc_column_inner][\/vc_row_inner][vc_row_inner][vc_column_inner width=&#8221;1\/3&#8243;][vc_images_carousel images=&#8221;213744,213746&#8243; img_size=&#8221;medium&#8221; hide_pagination_control=&#8221;yes&#8221; wrap=&#8221;yes&#8221;][\/vc_column_inner][vc_column_inner width=&#8221;2\/3&#8243; css=&#8221;.vc_custom_1604496276845{margin-left: 15px !important;}&#8221;][vc_column_text]A pihen\u00e9st ak\u00e1r haszontalannak is nevezhetn\u00e9nk, ha figyelembe vessz\u00fck azt, hogy a h\u00e1tral\u00e9v\u0151 n\u00e9h\u00e1ny sz\u00e1z m\u00e9ter megt\u00e9tele m\u00e9g az alf\u00f6ldh\u00f6z szokott bakancsosoknak sem nagy kunszt. Megjegyzem \u2013 szerencs\u00e9nkre \u2013 mi pont az \u0151szi vedl\u00e9s el\u0151tt kaphattuk lencsev\u00e9gre az erd\u0151 sz\u00ednpomp\u00e1s ruh\u00e1zat\u00e1t, \u00edgy a m\u00e1skor oly komor \u00e9s s\u00f6t\u00e9t b\u00fckkerd\u0151 s\u00e1rga-barna sz\u00ednei sz\u00ednorgi\u00e1t tartottak a Nap sugaraival.[\/vc_column_text][\/vc_column_inner][\/vc_row_inner][vc_row_inner][vc_column_inner width=&#8221;1\/3&#8243;][vc_images_carousel images=&#8221;213747,213748&#8243; img_size=&#8221;medium&#8221; hide_pagination_control=&#8221;yes&#8221; wrap=&#8221;yes&#8221;][\/vc_column_inner][vc_column_inner width=&#8221;2\/3&#8243; css=&#8221;.vc_custom_1604496276845{margin-left: 15px !important;}&#8221;][vc_column_text]Akkor h\u00e1t a hat\u00e1r ment\u00e9n, az obeliszkt\u0151l jobbra folytatjuk utunkat, mely z\u00f6ld \u00e9s k\u00e9k jelz\u00e9s\u0171 turista\u00fat egyszerre. Isten ments, hogy valaki a szlov\u00e1k, vagy orosz tud\u00e1s\u00e1t bevesse a nemsok\u00e1ra el\u0151t\u0171n\u0151 \u00fatjelz\u0151t\u00e1bl\u00e1kn\u00e1l, ugyanis az (s\u00e1rg\u00e1val jel\u00f6lve) nem az \u00e1ltalunk keresett c\u00e9lponthoz, hanem a szlov\u00e1kiai oldalon l\u00e9v\u0151 \u201eMale-Milichez\u201d vezet, melynek \u00e9rint\u00e9s\u00e9vel az Izra-t\u00f3 fel\u00e9 t\u00e9vedve Pusztafaluban k\u00f6t ki az ember.[\/vc_column_text][\/vc_column_inner][\/vc_row_inner][vc_row_inner][vc_column_inner width=&#8221;1\/3&#8243;][vc_images_carousel images=&#8221;213749,213750&#8243; img_size=&#8221;medium&#8221; hide_pagination_control=&#8221;yes&#8221; wrap=&#8221;yes&#8221;][\/vc_column_inner][vc_column_inner width=&#8221;2\/3&#8243; css=&#8221;.vc_custom_1604496276845{margin-left: 15px !important;}&#8221;][vc_column_text]Mi csak bandukoljunk tov\u00e1bb a k\u00e9ken-z\u00f6lden, \u00e9s az utols\u00f3 30 m\u00e9tert kiss\u00e9 k\u00f6vecses \u00f6sv\u00e9nyen megt\u00e9ve m\u00e1ris el\u0151tt\u00fcnk magasodik a K\u00e1rolyi kil\u00e1t\u00f3. Most nem \u00edrn\u00e9k arr\u00f3l b\u0151vebben, mi a csud\u00e1t\u00f3l olyan gy\u00f6ny\u00f6r\u0171 itt a kil\u00e1t\u00e1s, ink\u00e1bb gy\u0151z\u0151dj\u00f6n meg r\u00f3la mindenki, akit \u00e9rdekel. J\u00f3l n\u00e9zn\u00e9nk ki, hogy a neh\u00e9z, meg most, a k\u00f6nny\u0171 t\u00fara le\u00edr\u00e1sa ut\u00e1n m\u00e9g azoknak is kedvezn\u00e9k, akik fel sem akarnak m\u00e1szni a kil\u00e1t\u00f3ra.[\/vc_column_text][\/vc_column_inner][\/vc_row_inner][vc_row_inner][vc_column_inner width=&#8221;1\/3&#8243;][vc_images_carousel images=&#8221;213751,213752&#8243; img_size=&#8221;medium&#8221; hide_pagination_control=&#8221;yes&#8221; wrap=&#8221;yes&#8221;][\/vc_column_inner][vc_column_inner width=&#8221;2\/3&#8243; css=&#8221;.vc_custom_1604496276845{margin-left: 15px !important;}&#8221;][vc_column_text]A vissza\u00fat sajnos kiss\u00e9 k\u00e9nyszeres, ugyanis az aut\u00f3 ott v\u00e1r benn\u00fcnket a parkol\u00f3ban. Visszafel\u00e9 \u2013 b\u00e1r ugyanarra megy\u00fcnk, amerr\u0151l j\u00f6tt\u00fcnk \u2013 nem ad okot a cs\u00fcgged\u00e9sre, hiszen ford\u00edtva l\u00e1tjuk az utat s \u00edgy a l\u00e1tv\u00e1ny is \u00fajnak hat. A fiatalnak t\u0171n\u0151 sz\u00e1lb\u00fckk\u00f6s\u00f6k szeg\u00e9lyezte \u00fat ottj\u00e1rtunkkor b\u0151s\u00e9ges gomba\u00e1ld\u00e1ssal kecsegtetett, \u00edgy a t\u00fara v\u00e9g\u00e9n vacsora c\u00edm\u00e9n toj\u00e1sos-\u00e9s r\u00e1ntott gomb\u00e1val, no meg p\u00e1link\u00e1val \u00e9s borral dics\u00e9rt\u00fck a napot.[\/vc_column_text][\/vc_column_inner][\/vc_row_inner][vc_row_inner][vc_column_inner width=&#8221;1\/3&#8243;][vc_images_carousel images=&#8221;213753&#8243; img_size=&#8221;medium&#8221; hide_pagination_control=&#8221;yes&#8221; hide_prev_next_buttons=&#8221;yes&#8221; wrap=&#8221;yes&#8221;][\/vc_column_inner][vc_column_inner width=&#8221;2\/3&#8243; css=&#8221;.vc_custom_1604496276845{margin-left: 15px !important;}&#8221;][vc_column_text]\u00c9s m\u00e9g valami: a t\u00e9l k\u00f6zeledt\u00e9vel kiss\u00e9 h\u0171v\u00f6s is lehet, \u00edgy nem \u00e1rt meleg ruh\u00e1t is magunkkal vinni. Nagyon fontos, hogy k\u00f6dmentes id\u0151 legyen, ellenben kidobott id\u0151 \u00e9s f\u00f6l\u00f6s f\u00e1radoz\u00e1s az eg\u00e9sz. K\u00f6d\u00f6s id\u0151ben ink\u00e1bb pincel\u00e1togat\u00e1st javaslok.[\/vc_column_text][\/vc_column_inner][\/vc_row_inner][vc_column_text]<\/p>\n<blockquote>\n<p>Eg\u00e9szs\u00e9getekre!<\/p>\n<\/blockquote>\n<p>[\/vc_column_text][\/vc_column][\/vc_row][vc_row full_width=&#8221;stretch_row&#8221; disable_element=&#8221;yes&#8221; css=&#8221;.vc_custom_1610714302512{margin-bottom: 0px !important;}&#8221;][vc_column css=&#8221;.vc_custom_1553589470450{margin-top: 0px !important;margin-bottom: 0px !important;padding-top: 0px !important;padding-bottom: 0px !important;}&#8221;]<div style=\"visibility: hidden;\" id=\"carousel-anything-1\" class=\"gambit-carousel-anything carousel-anything-container owl-ca-carousel  gambit-carousel-posts carousel-posts-1  ca-equal-height\" data-slide-anim=\"\" data-rtl=\"false\" data-items=\"3\"data-totalitems=\"0\" data-scroll_per_page=\"\" data-autoplay=\"5000\"data-items-tablet=\"1\" data-items-mobile=\"1\" data-stop-on-hover=\"\" data-speed-scroll=\"800\" data-speed-rewind=\"1000\"data-thumbnails=\"thumbnail\" data-navigation=\"true\" data-touchdrag=\"false\" data-keyboard=\"false\" data-alignment=\"50\"data-start=\"0\"><div class=\"gcp-post  gcp-design-image gcp-post-id-209075 gcp-taxonomy-category gcp-taxonomy-post_tag gcp-taxonomy-post_format gcp-taxonomy-language gcp-taxonomy-post_translations gcp-term-post_translations-pll_603cda19218ab \" style=\" \"><a href=\"https:\/\/zempleninfo.eu\/?p=209075\"><span class=\"gcp-post-image\" style=\"height: 200px; background-repeat: no-repeat; background-size: cover; background-position: center;  background-image: url(https:\/\/zempleninfo.eu\/wp-content\/uploads\/05_Szolgaltatok\/01_szallas\/Bodrog_turistahaz\/Bodrog_turistahaz_03-compress.jpg);\"><\/span><\/a><div class=\"gcp-caption-wrapper \"><a href=\"https:\/\/zempleninfo.eu\/?p=209075\"><h4 class=\"gcp-post-title\"><a href=\"https:\/\/zempleninfo.eu\/?p=209075\">Vizit\u00fara aj\u00e1nlatok<\/a><\/h4><\/a><\/div><\/div><div class=\"gcp-post  gcp-design-image gcp-post-id-213732 gcp-taxonomy-category gcp-taxonomy-post_tag gcp-taxonomy-post_format gcp-taxonomy-language gcp-taxonomy-post_translations \" style=\" \"><a href=\"https:\/\/zempleninfo.eu\/?p=213732\"><span class=\"gcp-post-image\" style=\"height: 200px; background-repeat: no-repeat; background-size: cover; background-position: center;  background-image: url(https:\/\/zempleninfo.eu\/wp-content\/uploads\/04_Kalandozas_aktivan\/Gyalog\/KisMilic_konnyeden\/07_KisMilic_konnyeden-compress.jpg);\"><\/span><\/a><div class=\"gcp-caption-wrapper \"><a href=\"https:\/\/zempleninfo.eu\/?p=213732\"><h4 class=\"gcp-post-title\"><a href=\"https:\/\/zempleninfo.eu\/?p=213732\">Kis-Milic k\u00f6nnyed\u00e9n<\/a><\/h4><\/a><\/div><\/div><div class=\"gcp-post  gcp-design-image gcp-post-id-209074 gcp-taxonomy-category gcp-taxonomy-post_tag gcp-taxonomy-post_format gcp-taxonomy-language gcp-taxonomy-post_translations gcp-term-post_translations-pll_5dc409b0929e6 \" style=\" \"><a href=\"https:\/\/zempleninfo.eu\/?p=209074\"><span class=\"gcp-post-image\" style=\"height: 200px; background-repeat: no-repeat; background-size: cover; background-position: center;  background-image: url(https:\/\/zempleninfo.eu\/wp-content\/uploads\/04_Kalandozas_aktivan\/Gyalog\/Zemplen_Kalandpark\/ZKP_aktivan_00-compress.jpg);\"><\/span><\/a><div class=\"gcp-caption-wrapper \"><a href=\"https:\/\/zempleninfo.eu\/?p=209074\"><h4 class=\"gcp-post-title\"><a href=\"https:\/\/zempleninfo.eu\/?p=209074\">Zempl\u00e9n Kalandpark<\/a><\/h4><\/a><\/div><\/div><div class=\"gcp-post  gcp-design-image gcp-post-id-212854 gcp-taxonomy-category gcp-taxonomy-post_tag gcp-taxonomy-post_format gcp-taxonomy-language gcp-taxonomy-post_translations \" style=\" \"><a href=\"https:\/\/zempleninfo.eu\/?p=212854\"><span class=\"gcp-post-image\" style=\"height: 200px; background-repeat: no-repeat; background-size: cover; background-position: center;  background-image: url(https:\/\/zempleninfo.eu\/wp-content\/uploads\/04_Kalandozas_aktivan\/Gyalog\/Fekete_hegy\/Fekete_hegyi_kilato-compress.jpg);\"><\/span><\/a><div class=\"gcp-caption-wrapper \"><a href=\"https:\/\/zempleninfo.eu\/?p=212854\"><h4 class=\"gcp-post-title\"><a href=\"https:\/\/zempleninfo.eu\/?p=212854\">Fekete-hegyi tan\u00f6sv\u00e9ny \u00e9s kil\u00e1t\u00f3<\/a><\/h4><\/a><\/div><\/div><div class=\"gcp-post  gcp-design-image gcp-post-id-213707 gcp-taxonomy-category gcp-taxonomy-post_tag gcp-taxonomy-post_format gcp-taxonomy-language gcp-taxonomy-post_translations \" style=\" \"><a href=\"https:\/\/zempleninfo.eu\/?p=213707\"><span class=\"gcp-post-image\" style=\"height: 200px; background-repeat: no-repeat; background-size: cover; background-position: center;  background-image: url(https:\/\/zempleninfo.eu\/wp-content\/uploads\/04_Kalandozas_aktivan\/Gyalog\/Szajtato_kaptato\/08_Szajtato_kaptato-compress.jpg);\"><\/span><\/a><div class=\"gcp-caption-wrapper \"><a href=\"https:\/\/zempleninfo.eu\/?p=213707\"><h4 class=\"gcp-post-title\"><a href=\"https:\/\/zempleninfo.eu\/?p=213707\">Sz\u00e1jt\u00e1t\u00f3 kaptat\u00f3<\/a><\/h4><\/a><\/div><\/div><div class=\"gcp-post  gcp-design-image gcp-post-id-212877 gcp-taxonomy-category gcp-taxonomy-post_tag gcp-taxonomy-post_format gcp-taxonomy-language gcp-taxonomy-post_translations \" style=\" \"><a href=\"https:\/\/zempleninfo.eu\/?p=212877\"><span class=\"gcp-post-image\" style=\"height: 200px; background-repeat: no-repeat; background-size: cover; background-position: center;  background-image: url(https:\/\/zempleninfo.eu\/wp-content\/uploads\/04_Kalandozas_aktivan\/Gyalog\/Magma_Tura\/Magma_Tura_27-compress.jpg);\"><\/span><\/a><div class=\"gcp-caption-wrapper \"><a href=\"https:\/\/zempleninfo.eu\/?p=212877\"><h4 class=\"gcp-post-title\"><a href=\"https:\/\/zempleninfo.eu\/?p=212877\">Magma t\u00fara<\/a><\/h4><\/a><\/div><\/div><div class=\"gcp-post  gcp-design-image gcp-post-id-212879 gcp-taxonomy-category gcp-taxonomy-post_tag gcp-taxonomy-post_format gcp-taxonomy-language gcp-taxonomy-post_translations \" style=\" \"><a href=\"https:\/\/zempleninfo.eu\/?p=212879\"><span class=\"gcp-post-image\" style=\"height: 200px; background-repeat: no-repeat; background-size: cover; background-position: center;  background-image: url(https:\/\/zempleninfo.eu\/wp-content\/uploads\/04_Kalandozas_aktivan\/Gyalog\/Rovid_Long_Tura\/Rovid_Long_Tura_01-compress.jpg);\"><\/span><\/a><div class=\"gcp-caption-wrapper \"><a href=\"https:\/\/zempleninfo.eu\/?p=212879\"><h4 class=\"gcp-post-title\"><a href=\"https:\/\/zempleninfo.eu\/?p=212879\">R\u00f6vid t\u00fara a Longban<\/a><\/h4><\/a><\/div><\/div><div class=\"gcp-post  gcp-design-image gcp-post-id-212881 gcp-taxonomy-category gcp-taxonomy-post_tag gcp-taxonomy-post_format gcp-taxonomy-language gcp-taxonomy-post_translations \" style=\" \"><a href=\"https:\/\/zempleninfo.eu\/?p=212881\"><span class=\"gcp-post-image\" style=\"height: 200px; background-repeat: no-repeat; background-size: cover; background-position: center;  background-image: url(https:\/\/zempleninfo.eu\/wp-content\/uploads\/04_Kalandozas_aktivan\/Gyalog\/Tura_a_varos_korul\/21_Tura_a_varos_korul-compress.jpg);\"><\/span><\/a><div class=\"gcp-caption-wrapper \"><a href=\"https:\/\/zempleninfo.eu\/?p=212881\"><h4 class=\"gcp-post-title\"><a href=\"https:\/\/zempleninfo.eu\/?p=212881\">T\u00fara a v\u00e1ros k\u00f6r\u00fcl<\/a><\/h4><\/a><\/div><\/div><div class=\"gcp-post  gcp-design-image gcp-post-id-212851 gcp-taxonomy-category gcp-taxonomy-post_tag gcp-taxonomy-post_format gcp-taxonomy-language gcp-taxonomy-post_translations \" style=\" \"><a href=\"https:\/\/zempleninfo.eu\/?p=212851\"><span class=\"gcp-post-image\" style=\"height: 200px; background-repeat: no-repeat; background-size: cover; background-position: center;  background-image: url(https:\/\/zempleninfo.eu\/wp-content\/uploads\/04_Kalandozas_aktivan\/Gyalog\/Magas_hegyi_tanosveny\/Magas_hegyi_tanosveny_06-e1635148845240-compress.jpg);\"><\/span><\/a><div class=\"gcp-caption-wrapper \"><a href=\"https:\/\/zempleninfo.eu\/?p=212851\"><h4 class=\"gcp-post-title\"><a href=\"https:\/\/zempleninfo.eu\/?p=212851\">Magas-hegyi tan\u00f6sv\u00e9ny<\/a><\/h4><\/a><\/div><\/div><div class=\"gcp-post  gcp-design-image gcp-post-id-209077 gcp-taxonomy-category gcp-taxonomy-post_tag gcp-taxonomy-post_format gcp-taxonomy-language gcp-taxonomy-post_translations gcp-term-post_translations-pll_603cd3ac48fb1 \" style=\" \"><a href=\"https:\/\/zempleninfo.eu\/?p=209077\"><span class=\"gcp-post-image\" style=\"height: 200px; background-repeat: no-repeat; background-size: cover; background-position: center;  background-image: url(https:\/\/zempleninfo.eu\/wp-content\/uploads\/2013\/05\/5293113_mod_w700-compress.jpg);\"><\/span><\/a><div class=\"gcp-caption-wrapper \"><a href=\"https:\/\/zempleninfo.eu\/?p=209077\"><h4 class=\"gcp-post-title\"><a href=\"https:\/\/zempleninfo.eu\/?p=209077\">Ker\u00e9kp\u00e1ros t\u00fara aj\u00e1nlatok<\/a><\/h4><\/a><\/div><\/div><div class=\"gcp-post  gcp-design-image gcp-post-id-209346 gcp-taxonomy-category gcp-taxonomy-post_tag gcp-taxonomy-post_format gcp-taxonomy-language gcp-taxonomy-post_translations gcp-term-post_translations-pll_5dc409e2a7944 \" style=\" \"><a href=\"https:\/\/zempleninfo.eu\/?p=209346\"><span class=\"gcp-post-image\" style=\"height: 200px; background-repeat: no-repeat; background-size: cover; background-position: center;  background-image: url(https:\/\/zempleninfo.eu\/wp-content\/uploads\/2017\/03\/felszin_cikkbe_00-e1635148655540-compress.jpg);\"><\/span><\/a><div class=\"gcp-caption-wrapper \"><a href=\"https:\/\/zempleninfo.eu\/?p=209346\"><h4 class=\"gcp-post-title\"><a href=\"https:\/\/zempleninfo.eu\/?p=209346\">\u00c9rdekess\u00e9gek<\/a><\/h4><\/a><\/div><\/div><\/div><div class=\"clearboth\"><\/div><style>#thegem-divider-69f303e8bfc80 {margin-top: 100px !important;}<\/style><div id=\"thegem-divider-69f303e8bfc80\" class=\"gem-divider  \" style=\"\" ><\/div>[\/vc_column][\/vc_row]<\/p>\n<\/div>","protected":false},"excerpt":{"rendered":"<p>Azt gondoln\u00e1nk, hogy a Zempl\u00e9ni-hegys\u00e9gt\u0151l \u00e9szakra emelked\u0151 Milic-hegys\u00e9g egyik legszebb panor\u00e1m\u00e1j\u00e1t megtapasztalni csak \u00fagy lehet, hogy az ember t\u00e9rdig j\u00e1rja a l\u00e1b\u00e1t \u00e9s a nyelv\u00e9t taposva kapkod leveg\u0151 ut\u00e1n. <\/p>\n","protected":false},"author":1,"featured_media":213742,"comment_status":"closed","ping_status":"closed","sticky":false,"template":"","format":"standard","meta":{"footnotes":""},"categories":[505,50],"tags":[523],"class_list":{"0":"post-213732","1":"post","2":"type-post","3":"status-publish","4":"format-standard","5":"has-post-thumbnail","7":"category-gyalogosan","8":"category-kalandozas-aktivan-zemplenben","9":"tag-gyalogos-tura"},"lang":"hu","translations":{"hu":213732},"pll_sync_post":[],"menu_order":0,"_links":{"self":[{"href":"https:\/\/zempleninfo.eu\/index.php?rest_route=\/wp\/v2\/posts\/213732","targetHints":{"allow":["GET"]}}],"collection":[{"href":"https:\/\/zempleninfo.eu\/index.php?rest_route=\/wp\/v2\/posts"}],"about":[{"href":"https:\/\/zempleninfo.eu\/index.php?rest_route=\/wp\/v2\/types\/post"}],"author":[{"embeddable":true,"href":"https:\/\/zempleninfo.eu\/index.php?rest_route=\/wp\/v2\/users\/1"}],"replies":[{"embeddable":true,"href":"https:\/\/zempleninfo.eu\/index.php?rest_route=%2Fwp%2Fv2%2Fcomments&post=213732"}],"version-history":[{"count":0,"href":"https:\/\/zempleninfo.eu\/index.php?rest_route=\/wp\/v2\/posts\/213732\/revisions"}],"wp:featuredmedia":[{"embeddable":true,"href":"https:\/\/zempleninfo.eu\/index.php?rest_route=\/wp\/v2\/media\/213742"}],"wp:attachment":[{"href":"https:\/\/zempleninfo.eu\/index.php?rest_route=%2Fwp%2Fv2%2Fmedia&parent=213732"}],"wp:term":[{"taxonomy":"category","embeddable":true,"href":"https:\/\/zempleninfo.eu\/index.php?rest_route=%2Fwp%2Fv2%2Fcategories&post=213732"},{"taxonomy":"post_tag","embeddable":true,"href":"https:\/\/zempleninfo.eu\/index.php?rest_route=%2Fwp%2Fv2%2Ftags&post=213732"}],"curies":[{"name":"wp","href":"https:\/\/api.w.org\/{rel}","templated":true}]}}