{"id":213707,"date":"2020-11-10T15:05:25","date_gmt":"2020-11-10T15:05:25","guid":{"rendered":"http:\/\/2020.zempleninfo.eu\/?p=213707"},"modified":"2022-03-26T13:53:06","modified_gmt":"2022-03-26T12:53:06","slug":"szajtato-kaptato","status":"publish","type":"post","link":"https:\/\/zempleninfo.eu\/?p=213707","title":{"rendered":"Sz\u00e1jt\u00e1t\u00f3 kaptat\u00f3"},"content":{"rendered":"<div class=\"wpb-content-wrapper\"><p>[vc_row full_width=&#8221;stretch_row&#8221; css=&#8221;.vc_custom_1582110066166{margin-bottom: 0px !important;}&#8221;][vc_column css=&#8221;.vc_custom_1553589470450{margin-top: 0px !important;margin-bottom: 0px !important;padding-top: 0px !important;padding-bottom: 0px !important;}&#8221;][vc_custom_heading source=&#8221;post_title&#8221; font_container=&#8221;tag:h4|text_align:left&#8221; google_fonts=&#8221;font_family:Roboto%20Condensed%3A300%2C300italic%2Cregular%2Citalic%2C700%2C700italic|font_style:400%20regular%3A400%3Anormal&#8221;][vc_column_text]<\/p>\n<blockquote>\n<p><strong>avagy megm\u00e1sszuk a Kis-Milicet<\/strong><\/p>\n<p>Aki a s\u00edk terep \u00f6r\u00f6meire gerjed, s\u00fcrg\u0151sen hagyja abba e sorok olvas\u00e1s\u00e1t \u00e9s e k\u00e9pek n\u00e9zeget\u00e9s\u00e9t\u2026 na j\u00f3, ha m\u00e1r itt vagy, legal\u00e1bb n\u00e9zd v\u00e9gig, hov\u00e1 k\u00fclden\u00e9lek, ha m\u00e9gis egy f\u00e1raszt\u00f3, de gy\u00f6ny\u00f6r\u0171 t\u00far\u00e1ra v\u00e1gyn\u00e1l.<\/p>\n<p>A most k\u00e9pes\u00edtett t\u00fara egy igazi v\u00e1dlig\u00f6rcs\u00f6ltet\u0151 s\u00e9ta azoknak, akik nem szeretnek meg\u00e1llni. \u00c9n ink\u00e1bb ahhoz a t\u00e1borhoz tartozom, aki nem siet, hanem ink\u00e1bb id\u0151ben indul, hogy legyen sok-sok perce a pihen\u00e9sre, fot\u00f3z\u00e1sra \u00e9s n\u00e9zel\u0151d\u00e9sre.<\/p>\n<p>A t\u00f6bb, mint 700 m-es szintk\u00fcl\u00f6nbs\u00e9g legalj\u00e1r\u00f3l indulunk, Pusztafalu k\u00f6zpontj\u00e1t\u00f3l nem messze a templomt\u00f3l ahol elkezd\u0151dik a k\u00e9k n\u00e9gyzettel jel\u00f6lt \u00fat. (Figyelem! A falu fels\u0151 v\u00e9g\u00e9b\u0151l is indul k\u00e9k n\u00e9gyzetes t\u00fara\u00fat, de azon \u00e9ppen ford\u00edtva induln\u00e1nk el, mint ahogy jelen esetben tessz\u00fck.)<\/p>\n<\/blockquote>\n<p>[\/vc_column_text][vc_empty_space height=&#8221;25px&#8221;][vc_row_inner][vc_column_inner width=&#8221;1\/3&#8243;][vc_images_carousel images=&#8221;213710,213711&#8243; img_size=&#8221;medium&#8221; hide_pagination_control=&#8221;yes&#8221; wrap=&#8221;yes&#8221;][\/vc_column_inner][vc_column_inner width=&#8221;2\/3&#8243; css=&#8221;.vc_custom_1604496276845{margin-left: 15px !important;}&#8221;][vc_column_text]Eleinte a falusz\u00e9li erdei utak megszokott, kiss\u00e9 komor alag\u00fatj\u00e1n haladunk, de hamarosan cserj\u00e9k, apr\u00f3 r\u00e9tek (Csonka-r\u00e9t, \u00e9s Kerek-r\u00e9t) szeg\u00e9lyezik az \u00f6sv\u00e9nyt, \u00edgy itt-ott m\u00e1r l\u00e1thatjuk a hat\u00e1rs\u00e1v ment\u00e9n sorakoz\u00f3 k\u0151tengereket \u00e9s sziklafalakat.[\/vc_column_text][\/vc_column_inner][\/vc_row_inner][vc_row_inner][vc_column_inner width=&#8221;1\/3&#8243;][vc_images_carousel images=&#8221;213712,213713&#8243; img_size=&#8221;medium&#8221; hide_pagination_control=&#8221;yes&#8221; wrap=&#8221;yes&#8221;][\/vc_column_inner][vc_column_inner width=&#8221;2\/3&#8243; css=&#8221;.vc_custom_1604496276845{margin-left: 15px !important;}&#8221;][vc_column_text]Szinte percenk\u00e9nt jelleghat\u00e1ron haladunk \u00e1t, \u00e9s gy\u00f6keresen megv\u00e1ltozik a n\u00f6v\u00e9nyzet. Hamar el\u00e9rj\u00fck az \u00c9-K-i lejt\u0151kre jellemz\u0151 b\u00fckk\u00f6st, melyben lass\u00fa emelked\u00e9ssel, aljn\u00f6v\u00e9nyzet n\u00e9lk\u00fcli, sz\u00e9les \u00faton kaptatunk felfel\u00e9 mindaddig, m\u00edg el nem \u00e9rj\u00fck a Seny\u00e1nszki-r\u00e9tet.[\/vc_column_text][\/vc_column_inner][\/vc_row_inner][vc_row_inner][vc_column_inner width=&#8221;1\/3&#8243;][vc_images_carousel images=&#8221;213714,213715&#8243; img_size=&#8221;medium&#8221; hide_pagination_control=&#8221;yes&#8221; wrap=&#8221;yes&#8221;][\/vc_column_inner][vc_column_inner width=&#8221;2\/3&#8243; css=&#8221;.vc_custom_1604496276845{margin-left: 15px !important;}&#8221;][vc_column_text]<\/p>\n<p>A szebb id\u0151ket is l\u00e1tott mened\u00e9kkunyh\u00f3 \u00e9s az erdei b\u00fatorok maradv\u00e1nya f\u00f6l\u00f6tt a k\u00e9k jelz\u00e9s keresztezi utunkat, melyen jobbra fordulva a Magas-hegy keleti oldal\u00e1n, szinte v\u00edzszintesen haladunk tov\u00e1bb. Balra a meredek, k\u00f6vecses hegyoldal \u00f6reg t\u00f6lgyeinek bonsai-erdeje, jobbra pedig a m\u00e1r eml\u00edtett sziklafalak, \u00e9s Pusztafalu mad\u00e1rt\u00e1vlati k\u00e9pe t\u00e1rul szem\u00fcnk el\u00e9. Rendk\u00edv\u00fcl kellemes, egyben l\u00e1tv\u00e1nyos itt a s\u00e9ta, f\u0151leg a d\u00e9lel\u0151tti, reggeli \u00f3r\u00e1kban, amikor a nap is beragyogja az \u00f6sv\u00e9nyt.<\/p>\n<p>[\/vc_column_text][\/vc_column_inner][\/vc_row_inner][vc_row_inner][vc_column_inner width=&#8221;1\/3&#8243;][vc_images_carousel images=&#8221;213716,213717&#8243; img_size=&#8221;medium&#8221; hide_pagination_control=&#8221;yes&#8221; wrap=&#8221;yes&#8221;][\/vc_column_inner][vc_column_inner width=&#8221;2\/3&#8243; css=&#8221;.vc_custom_1604496276845{margin-left: 15px !important;}&#8221;][vc_column_text]<\/p>\n<p>Azt\u00e1n megsz\u0171nik a kil\u00e1t\u00e1s, \u00e9s a B\u00fckk\u00f6s-hegy takar\u00e1s\u00e1ban el\u00e9rj\u00fck az Als\u00f3 Csata-r\u00e9tet. A haszn\u00e1laton k\u00edv\u00fcli, eny\u00e9szetnek indult mened\u00e9kh\u00e1z t\u00f6v\u00e9ben inform\u00e1ci\u00f3s t\u00e1bla, ill. j\u00f3 \u00e1llapot\u00fa erdei b\u00fatorok fogadnak, ahol \u00e9rdemes szusszanni egyet. M\u00e1r csak az\u00e9rt is, mert innen m\u00e1r nagy sz\u00fcks\u00e9g lesz a l\u00e1bizmokra \u2013 f\u0151leg, ha balra kiruccanunk a Kakas-b\u00e9rc sz\u00e9p kil\u00e1t\u00e1s\u00fa szikl\u00e1ira.<\/p>\n<p>[\/vc_column_text][\/vc_column_inner][\/vc_row_inner][vc_row_inner][vc_column_inner width=&#8221;1\/3&#8243;][vc_images_carousel images=&#8221;213718,213719&#8243; img_size=&#8221;medium&#8221; hide_pagination_control=&#8221;yes&#8221; wrap=&#8221;yes&#8221;][\/vc_column_inner][vc_column_inner width=&#8221;2\/3&#8243; css=&#8221;.vc_custom_1604496276845{margin-left: 15px !important;}&#8221;][vc_column_text]Szerencs\u00e9re sok-sok gy\u00f6k\u00e9r kandik\u00e1l ki a f\u00f6ldb\u0151l, \u00edgy k\u00f6nny\u0171 megvetni a l\u00e1bunkat. T\u00f6bb, mint egy km-en kereszt\u00fcl kell meredeken felfel\u00e9 haladnunk, \u00edgy j\u00f3leshet egy kis pihen\u00e9s a Fels\u0151 Csata-r\u00e9t el\u0151tti dombocska furcsa form\u00e1j\u00fa k\u00f6vein.[\/vc_column_text][\/vc_column_inner][\/vc_row_inner][vc_row_inner][vc_column_inner width=&#8221;1\/3&#8243;][vc_images_carousel images=&#8221;213720,213721&#8243; img_size=&#8221;medium&#8221; hide_pagination_control=&#8221;yes&#8221; wrap=&#8221;yes&#8221;][\/vc_column_inner][vc_column_inner width=&#8221;2\/3&#8243; css=&#8221;.vc_custom_1604496276845{margin-left: 15px !important;}&#8221;][vc_column_text]Az igazi kaptat\u00f3 m\u00e9g csak most j\u00f6n, de meg\u00e9ri lek\u00fczdeni, hiszen el\u00e9rj\u00fck t\u00far\u00e1nk sz\u00f3 szerint \u00e9s k\u00e9pletesen egyar\u00e1nt \u00e9rthet\u0151 cs\u00facspontj\u00e1t, a K\u00e1rolyi kil\u00e1t\u00f3t. Persze az utols\u00f3 m\u00e9terek megt\u00e9tele el\u0151tt is j\u00f3lesik egy kis pihen\u00e9s a szokatlanul vastag t\u00f6rzs\u0171 k\u0151risek t\u00f6v\u00e9ben.[\/vc_column_text][\/vc_column_inner][\/vc_row_inner][vc_row_inner][vc_column_inner width=&#8221;1\/3&#8243;][vc_images_carousel images=&#8221;213722,213723&#8243; img_size=&#8221;medium&#8221; hide_pagination_control=&#8221;yes&#8221; wrap=&#8221;yes&#8221;][\/vc_column_inner][vc_column_inner width=&#8221;2\/3&#8243; css=&#8221;.vc_custom_1604496276845{margin-left: 15px !important;}&#8221;][vc_column_text]\u00c9s l\u00e1ss csod\u00e1t, m\u00e1ris fel\u00e9rt\u00fcnk a Kis-Milicen 880m tengerszint feletti magass\u00e1gban \u00e9p\u00fclt, csaknem 17m magas kil\u00e1t\u00f3hoz, mely 2015-t\u0151l cs\u00e1b\u00edtja ide a t\u00far\u00e1z\u00f3kat. B\u00e1r a kil\u00e1t\u00f3n\u00e1l is magasabb \u00f6reg k\u0151ris kitakarja a panor\u00e1ma egy r\u00e9sz\u00e9t, a kil\u00e1t\u00e1s \u00edgy is leny\u0171g\u00f6z\u0151. Felvid\u00e9ket \u00e9s a Zempl\u00e9ni-hegys\u00e9g vonulatait t\u00e1tott sz\u00e1jjal n\u00e9zi az ember, \u00e9s arra gondol, hogy nem akar innen elmenni soha.[\/vc_column_text][\/vc_column_inner][\/vc_row_inner][vc_row_inner][vc_column_inner width=&#8221;1\/3&#8243;][vc_images_carousel images=&#8221;213724,213725&#8243; img_size=&#8221;medium&#8221; hide_pagination_control=&#8221;yes&#8221; wrap=&#8221;yes&#8221;][\/vc_column_inner][vc_column_inner width=&#8221;2\/3&#8243; css=&#8221;.vc_custom_1604496276845{margin-left: 15px !important;}&#8221;][vc_column_text]Musz\u00e1j er\u0151szakot venni magunkon, \u00e9s otthagyni a l\u00e1tv\u00e1nyt, ugyanis vissza kell jutnunk Pusztafalura. T\u00f6bb lehet\u0151s\u00e9g is van a vissza\u00fatra. Mehet\u00fcnk arra, amerre j\u00f6tt\u00fcnk, majd ak\u00e1r F\u00fcz\u00e9r fel\u00e9 ker\u00fclve a k\u00e9k jelz\u00e9sen, vagy a gerincen tov\u00e1bb haladva felmehet\u00fcnk a Nagy-Milicre, ahonnan szint\u00e9n a k\u00e9ken \u00e9s a k\u00e9k plusszon F\u00fcz\u00e9rre, majd Pusztafalura \u00e9r az \u00fat. T\u00fal gyorsan telt az id\u0151, \u00edgy mi a leggyorsabb megold\u00e1st v\u00e1lasztottuk.[\/vc_column_text][\/vc_column_inner][\/vc_row_inner][vc_row_inner][vc_column_inner width=&#8221;1\/3&#8243;][vc_images_carousel images=&#8221;213726,213727&#8243; img_size=&#8221;medium&#8221; hide_pagination_control=&#8221;yes&#8221; wrap=&#8221;yes&#8221;][\/vc_column_inner][vc_column_inner width=&#8221;2\/3&#8243; css=&#8221;.vc_custom_1604496276845{margin-left: 15px !important;}&#8221;][vc_column_text]\u00c1tsz\u00f6kve egy kicsit a trianoni hat\u00e1ron a z\u00f6lddel m\u00e9g itt-ott jel\u00f6lt hat\u00e1rs\u00e1v \u00f6sv\u00e9nyen indultunk vissza. A r\u00f6vid, de extr\u00e9m meredek szakasz ut\u00e1n a m\u00e1r eml\u00edtett k\u0151tengeres Orita-tet\u0151 gerinc\u00e9n halad az \u00fat, mely minden t\u00far\u00e1z\u00f3 \u00e1lma. A lank\u00e1s ereszked\u0151k, szikl\u00e1s ny\u00edlt ter\u0171 dombocsk\u00e1k, a sz\u00e9p kil\u00e1t\u00e1s egy kiss\u00e9 mesebeliv\u00e9 teszi a t\u00far\u00e1t. Egy r\u00f6vid szakaszon az Izra t\u00f3 is el\u0151t\u0171nik a f\u00e1k m\u00f6g\u00fcl.[\/vc_column_text][\/vc_column_inner][\/vc_row_inner][vc_row_inner][vc_column_inner width=&#8221;1\/3&#8243;][vc_images_carousel images=&#8221;213728,213729&#8243; img_size=&#8221;medium&#8221; hide_pagination_control=&#8221;yes&#8221; wrap=&#8221;yes&#8221;][\/vc_column_inner][vc_column_inner width=&#8221;2\/3&#8243; css=&#8221;.vc_custom_1604496276845{margin-left: 15px !important;}&#8221;][vc_column_text]Hogy k\u00edm\u00e9lj\u00fck a l\u00e1bunkat, a piros h\u00e1romsz\u00f6ggel jel\u00f6lt k\u00f6rt\u00far\u00e1n let\u00e9r\u00fcnk a z\u00f6ldr\u0151l, ugyanis az utols\u00f3 szakasz extr\u00e9m meredek lejt\u0151 lett volna. A piroson pedig lank\u00e1s lejt\u0151n lehet leereszkedni Pusztafaluba. Az erd\u0151b\u0151l kil\u00e9pve l\u00e1tszik igaz\u00e1n, milyen gy\u00f6ny\u00f6r\u0171 helyen \u00e9p\u00fclt ez a kis falucska. Egy utols\u00f3 visszatekint\u00e9ssel b\u00facs\u00fazunk a szikl\u00e1s gerinct\u0151l, melyen v\u00e9gigj\u00f6tt\u00fcnk.[\/vc_column_text][\/vc_column_inner][\/vc_row_inner][vc_column_text]<\/p>\n<blockquote>\n<p>K\u00e9r\u00fcnk minden idet\u00e9ved\u0151 t\u00farat\u00e1rsunkat, hogy ossza meg ezt a t\u00far\u00e1nkat is, hogy min\u00e9l t\u00f6bben ki tudjanak szakadni az egyhang\u00fa. v\u00e1rosi mindennapokb\u00f3l!<\/p>\n<p style=\"text-align: right;\">K\u00f6sz\u00f6nj\u00fck!<\/p>\n<\/blockquote>\n<p>[\/vc_column_text][\/vc_column][\/vc_row][vc_row full_width=&#8221;stretch_row&#8221; disable_element=&#8221;yes&#8221; css=&#8221;.vc_custom_1610714302512{margin-bottom: 0px !important;}&#8221;][vc_column css=&#8221;.vc_custom_1553589470450{margin-top: 0px !important;margin-bottom: 0px !important;padding-top: 0px !important;padding-bottom: 0px !important;}&#8221;]<div style=\"visibility: hidden;\" id=\"carousel-anything-1\" class=\"gambit-carousel-anything carousel-anything-container owl-ca-carousel  gambit-carousel-posts carousel-posts-1  ca-equal-height\" data-slide-anim=\"\" data-rtl=\"false\" data-items=\"3\"data-totalitems=\"0\" data-scroll_per_page=\"\" data-autoplay=\"5000\"data-items-tablet=\"1\" data-items-mobile=\"1\" data-stop-on-hover=\"\" data-speed-scroll=\"800\" data-speed-rewind=\"1000\"data-thumbnails=\"thumbnail\" data-navigation=\"true\" data-touchdrag=\"false\" data-keyboard=\"false\" data-alignment=\"50\"data-start=\"0\"><div class=\"gcp-post  gcp-design-image gcp-post-id-213707 gcp-taxonomy-category gcp-taxonomy-post_tag gcp-taxonomy-post_format gcp-taxonomy-language gcp-taxonomy-post_translations \" style=\" \"><a href=\"https:\/\/zempleninfo.eu\/?p=213707\"><span class=\"gcp-post-image\" style=\"height: 200px; background-repeat: no-repeat; background-size: cover; background-position: center;  background-image: url(https:\/\/zempleninfo.eu\/wp-content\/uploads\/04_Kalandozas_aktivan\/Gyalog\/Szajtato_kaptato\/08_Szajtato_kaptato-compress.jpg);\"><\/span><\/a><div class=\"gcp-caption-wrapper \"><a href=\"https:\/\/zempleninfo.eu\/?p=213707\"><h4 class=\"gcp-post-title\"><a href=\"https:\/\/zempleninfo.eu\/?p=213707\">Sz\u00e1jt\u00e1t\u00f3 kaptat\u00f3<\/a><\/h4><\/a><\/div><\/div><div class=\"gcp-post  gcp-design-image gcp-post-id-212879 gcp-taxonomy-category gcp-taxonomy-post_tag gcp-taxonomy-post_format gcp-taxonomy-language gcp-taxonomy-post_translations \" style=\" \"><a href=\"https:\/\/zempleninfo.eu\/?p=212879\"><span class=\"gcp-post-image\" style=\"height: 200px; background-repeat: no-repeat; background-size: cover; background-position: center;  background-image: url(https:\/\/zempleninfo.eu\/wp-content\/uploads\/04_Kalandozas_aktivan\/Gyalog\/Rovid_Long_Tura\/Rovid_Long_Tura_01-compress.jpg);\"><\/span><\/a><div class=\"gcp-caption-wrapper \"><a href=\"https:\/\/zempleninfo.eu\/?p=212879\"><h4 class=\"gcp-post-title\"><a href=\"https:\/\/zempleninfo.eu\/?p=212879\">R\u00f6vid t\u00fara a Longban<\/a><\/h4><\/a><\/div><\/div><div class=\"gcp-post  gcp-design-image gcp-post-id-209346 gcp-taxonomy-category gcp-taxonomy-post_tag gcp-taxonomy-post_format gcp-taxonomy-language gcp-taxonomy-post_translations gcp-term-post_translations-pll_5dc409e2a7944 \" style=\" \"><a href=\"https:\/\/zempleninfo.eu\/?p=209346\"><span class=\"gcp-post-image\" style=\"height: 200px; background-repeat: no-repeat; background-size: cover; background-position: center;  background-image: url(https:\/\/zempleninfo.eu\/wp-content\/uploads\/2017\/03\/felszin_cikkbe_00-e1635148655540-compress.jpg);\"><\/span><\/a><div class=\"gcp-caption-wrapper \"><a href=\"https:\/\/zempleninfo.eu\/?p=209346\"><h4 class=\"gcp-post-title\"><a href=\"https:\/\/zempleninfo.eu\/?p=209346\">\u00c9rdekess\u00e9gek<\/a><\/h4><\/a><\/div><\/div><div class=\"gcp-post  gcp-design-image gcp-post-id-209074 gcp-taxonomy-category gcp-taxonomy-post_tag gcp-taxonomy-post_format gcp-taxonomy-language gcp-taxonomy-post_translations gcp-term-post_translations-pll_5dc409b0929e6 \" style=\" \"><a href=\"https:\/\/zempleninfo.eu\/?p=209074\"><span class=\"gcp-post-image\" style=\"height: 200px; background-repeat: no-repeat; background-size: cover; background-position: center;  background-image: url(https:\/\/zempleninfo.eu\/wp-content\/uploads\/04_Kalandozas_aktivan\/Gyalog\/Zemplen_Kalandpark\/ZKP_aktivan_00-compress.jpg);\"><\/span><\/a><div class=\"gcp-caption-wrapper \"><a href=\"https:\/\/zempleninfo.eu\/?p=209074\"><h4 class=\"gcp-post-title\"><a href=\"https:\/\/zempleninfo.eu\/?p=209074\">Zempl\u00e9n Kalandpark<\/a><\/h4><\/a><\/div><\/div><div class=\"gcp-post  gcp-design-image gcp-post-id-212881 gcp-taxonomy-category gcp-taxonomy-post_tag gcp-taxonomy-post_format gcp-taxonomy-language gcp-taxonomy-post_translations \" style=\" \"><a href=\"https:\/\/zempleninfo.eu\/?p=212881\"><span class=\"gcp-post-image\" style=\"height: 200px; background-repeat: no-repeat; background-size: cover; background-position: center;  background-image: url(https:\/\/zempleninfo.eu\/wp-content\/uploads\/04_Kalandozas_aktivan\/Gyalog\/Tura_a_varos_korul\/21_Tura_a_varos_korul-compress.jpg);\"><\/span><\/a><div class=\"gcp-caption-wrapper \"><a href=\"https:\/\/zempleninfo.eu\/?p=212881\"><h4 class=\"gcp-post-title\"><a href=\"https:\/\/zempleninfo.eu\/?p=212881\">T\u00fara a v\u00e1ros k\u00f6r\u00fcl<\/a><\/h4><\/a><\/div><\/div><div class=\"gcp-post  gcp-design-image gcp-post-id-212877 gcp-taxonomy-category gcp-taxonomy-post_tag gcp-taxonomy-post_format gcp-taxonomy-language gcp-taxonomy-post_translations \" style=\" \"><a href=\"https:\/\/zempleninfo.eu\/?p=212877\"><span class=\"gcp-post-image\" style=\"height: 200px; background-repeat: no-repeat; background-size: cover; background-position: center;  background-image: url(https:\/\/zempleninfo.eu\/wp-content\/uploads\/04_Kalandozas_aktivan\/Gyalog\/Magma_Tura\/Magma_Tura_27-compress.jpg);\"><\/span><\/a><div class=\"gcp-caption-wrapper \"><a href=\"https:\/\/zempleninfo.eu\/?p=212877\"><h4 class=\"gcp-post-title\"><a href=\"https:\/\/zempleninfo.eu\/?p=212877\">Magma t\u00fara<\/a><\/h4><\/a><\/div><\/div><div class=\"gcp-post  gcp-design-image gcp-post-id-212851 gcp-taxonomy-category gcp-taxonomy-post_tag gcp-taxonomy-post_format gcp-taxonomy-language gcp-taxonomy-post_translations \" style=\" \"><a href=\"https:\/\/zempleninfo.eu\/?p=212851\"><span class=\"gcp-post-image\" style=\"height: 200px; background-repeat: no-repeat; background-size: cover; background-position: center;  background-image: url(https:\/\/zempleninfo.eu\/wp-content\/uploads\/04_Kalandozas_aktivan\/Gyalog\/Magas_hegyi_tanosveny\/Magas_hegyi_tanosveny_06-e1635148845240-compress.jpg);\"><\/span><\/a><div class=\"gcp-caption-wrapper \"><a href=\"https:\/\/zempleninfo.eu\/?p=212851\"><h4 class=\"gcp-post-title\"><a href=\"https:\/\/zempleninfo.eu\/?p=212851\">Magas-hegyi tan\u00f6sv\u00e9ny<\/a><\/h4><\/a><\/div><\/div><div class=\"gcp-post  gcp-design-image gcp-post-id-213732 gcp-taxonomy-category gcp-taxonomy-post_tag gcp-taxonomy-post_format gcp-taxonomy-language gcp-taxonomy-post_translations \" style=\" \"><a href=\"https:\/\/zempleninfo.eu\/?p=213732\"><span class=\"gcp-post-image\" style=\"height: 200px; background-repeat: no-repeat; background-size: cover; background-position: center;  background-image: url(https:\/\/zempleninfo.eu\/wp-content\/uploads\/04_Kalandozas_aktivan\/Gyalog\/KisMilic_konnyeden\/07_KisMilic_konnyeden-compress.jpg);\"><\/span><\/a><div class=\"gcp-caption-wrapper \"><a href=\"https:\/\/zempleninfo.eu\/?p=213732\"><h4 class=\"gcp-post-title\"><a href=\"https:\/\/zempleninfo.eu\/?p=213732\">Kis-Milic k\u00f6nnyed\u00e9n<\/a><\/h4><\/a><\/div><\/div><div class=\"gcp-post  gcp-design-image gcp-post-id-209077 gcp-taxonomy-category gcp-taxonomy-post_tag gcp-taxonomy-post_format gcp-taxonomy-language gcp-taxonomy-post_translations gcp-term-post_translations-pll_603cd3ac48fb1 \" style=\" \"><a href=\"https:\/\/zempleninfo.eu\/?p=209077\"><span class=\"gcp-post-image\" style=\"height: 200px; background-repeat: no-repeat; background-size: cover; background-position: center;  background-image: url(https:\/\/zempleninfo.eu\/wp-content\/uploads\/2013\/05\/5293113_mod_w700-compress.jpg);\"><\/span><\/a><div class=\"gcp-caption-wrapper \"><a href=\"https:\/\/zempleninfo.eu\/?p=209077\"><h4 class=\"gcp-post-title\"><a href=\"https:\/\/zempleninfo.eu\/?p=209077\">Ker\u00e9kp\u00e1ros t\u00fara aj\u00e1nlatok<\/a><\/h4><\/a><\/div><\/div><div class=\"gcp-post  gcp-design-image gcp-post-id-209075 gcp-taxonomy-category gcp-taxonomy-post_tag gcp-taxonomy-post_format gcp-taxonomy-language gcp-taxonomy-post_translations gcp-term-post_translations-pll_603cda19218ab \" style=\" \"><a href=\"https:\/\/zempleninfo.eu\/?p=209075\"><span class=\"gcp-post-image\" style=\"height: 200px; background-repeat: no-repeat; background-size: cover; background-position: center;  background-image: url(https:\/\/zempleninfo.eu\/wp-content\/uploads\/05_Szolgaltatok\/01_szallas\/Bodrog_turistahaz\/Bodrog_turistahaz_03-compress.jpg);\"><\/span><\/a><div class=\"gcp-caption-wrapper \"><a href=\"https:\/\/zempleninfo.eu\/?p=209075\"><h4 class=\"gcp-post-title\"><a href=\"https:\/\/zempleninfo.eu\/?p=209075\">Vizit\u00fara aj\u00e1nlatok<\/a><\/h4><\/a><\/div><\/div><div class=\"gcp-post  gcp-design-image gcp-post-id-212854 gcp-taxonomy-category gcp-taxonomy-post_tag gcp-taxonomy-post_format gcp-taxonomy-language gcp-taxonomy-post_translations \" style=\" \"><a href=\"https:\/\/zempleninfo.eu\/?p=212854\"><span class=\"gcp-post-image\" style=\"height: 200px; background-repeat: no-repeat; background-size: cover; background-position: center;  background-image: url(https:\/\/zempleninfo.eu\/wp-content\/uploads\/04_Kalandozas_aktivan\/Gyalog\/Fekete_hegy\/Fekete_hegyi_kilato-compress.jpg);\"><\/span><\/a><div class=\"gcp-caption-wrapper \"><a href=\"https:\/\/zempleninfo.eu\/?p=212854\"><h4 class=\"gcp-post-title\"><a href=\"https:\/\/zempleninfo.eu\/?p=212854\">Fekete-hegyi tan\u00f6sv\u00e9ny \u00e9s kil\u00e1t\u00f3<\/a><\/h4><\/a><\/div><\/div><\/div><div class=\"clearboth\"><\/div><style>#thegem-divider-69f3ba5abf037 {margin-top: 100px !important;}<\/style><div id=\"thegem-divider-69f3ba5abf037\" class=\"gem-divider  \" style=\"\" ><\/div>[\/vc_column][\/vc_row]<\/p>\n<\/div>","protected":false},"excerpt":{"rendered":"<p>avagy megm\u00e1sszuk a Kis-Milicet&#8230;<\/p>\n","protected":false},"author":1,"featured_media":213717,"comment_status":"closed","ping_status":"closed","sticky":false,"template":"","format":"standard","meta":{"footnotes":""},"categories":[505,50],"tags":[523],"class_list":{"0":"post-213707","1":"post","2":"type-post","3":"status-publish","4":"format-standard","5":"has-post-thumbnail","7":"category-gyalogosan","8":"category-kalandozas-aktivan-zemplenben","9":"tag-gyalogos-tura"},"lang":"hu","translations":{"hu":213707},"pll_sync_post":[],"menu_order":0,"_links":{"self":[{"href":"https:\/\/zempleninfo.eu\/index.php?rest_route=\/wp\/v2\/posts\/213707","targetHints":{"allow":["GET"]}}],"collection":[{"href":"https:\/\/zempleninfo.eu\/index.php?rest_route=\/wp\/v2\/posts"}],"about":[{"href":"https:\/\/zempleninfo.eu\/index.php?rest_route=\/wp\/v2\/types\/post"}],"author":[{"embeddable":true,"href":"https:\/\/zempleninfo.eu\/index.php?rest_route=\/wp\/v2\/users\/1"}],"replies":[{"embeddable":true,"href":"https:\/\/zempleninfo.eu\/index.php?rest_route=%2Fwp%2Fv2%2Fcomments&post=213707"}],"version-history":[{"count":0,"href":"https:\/\/zempleninfo.eu\/index.php?rest_route=\/wp\/v2\/posts\/213707\/revisions"}],"wp:featuredmedia":[{"embeddable":true,"href":"https:\/\/zempleninfo.eu\/index.php?rest_route=\/wp\/v2\/media\/213717"}],"wp:attachment":[{"href":"https:\/\/zempleninfo.eu\/index.php?rest_route=%2Fwp%2Fv2%2Fmedia&parent=213707"}],"wp:term":[{"taxonomy":"category","embeddable":true,"href":"https:\/\/zempleninfo.eu\/index.php?rest_route=%2Fwp%2Fv2%2Fcategories&post=213707"},{"taxonomy":"post_tag","embeddable":true,"href":"https:\/\/zempleninfo.eu\/index.php?rest_route=%2Fwp%2Fv2%2Ftags&post=213707"}],"curies":[{"name":"wp","href":"https:\/\/api.w.org\/{rel}","templated":true}]}}