{"id":212877,"date":"2020-06-05T13:41:19","date_gmt":"2020-06-05T13:41:19","guid":{"rendered":"http:\/\/2020.zempleninfo.eu\/?p=212877"},"modified":"2022-03-26T13:41:37","modified_gmt":"2022-03-26T12:41:37","slug":"magma-tura","status":"publish","type":"post","link":"https:\/\/zempleninfo.eu\/?p=212877","title":{"rendered":"Magma t\u00fara"},"content":{"rendered":"<div class=\"wpb-content-wrapper\"><p>[vc_row full_width=&#8221;stretch_row&#8221; css=&#8221;.vc_custom_1582110066166{margin-bottom: 0px !important;}&#8221;][vc_column css=&#8221;.vc_custom_1553589470450{margin-top: 0px !important;margin-bottom: 0px !important;padding-top: 0px !important;padding-bottom: 0px !important;}&#8221;][vc_custom_heading source=&#8221;post_title&#8221; font_container=&#8221;tag:h4|text_align:left&#8221; google_fonts=&#8221;font_family:Roboto%20Condensed%3A300%2C300italic%2Cregular%2Citalic%2C700%2C700italic|font_style:400%20regular%3A400%3Anormal&#8221;][vc_column_text]<\/p>\n<blockquote>\n<p>Most egy olyan t\u00far\u00e1n vesz\u00fcnk r\u00e9szt, mely r\u00e9szben a Magas-hegyi tan\u00f6sv\u00e9nyt is \u00e9rinti. Hab\u00e1r \u00e9p\u00edtett \u00f6r\u00f6ks\u00e9gek ment\u00e9n is j\u00e1runk, s\u00e9t\u00e1nk k\u00f6zben a panor\u00e1ma, vagy \u00e9ppen a l\u00e1bunk el\u0151tt hever\u0151 csod\u00e1latos \u00e9let, \u00e9s maga a term\u00e9szet sz\u00e9ps\u00e9geit is csod\u00e1lhatjuk. T\u00far\u00e1nk olyan ny\u00falfarknyi, hogy el\u00e9g, ha innival\u00f3t visz\u00fcnk az \u00fatra. Ism\u00e9telj\u00fck magunkat, mikor felh\u00edvjuk a figyelmet arra, hogy nem c\u00e9lunk a t\u00fara nevezetess\u00e9geinek r\u00e9szletes taglal\u00e1sa, hiszen az rengeteg \u00edr\u00e1sfel\u00fcletet ig\u00e9nyelne. Mind\u00f6ssze navig\u00e1lunk, \u00e9s ki-ki d\u00f6ntse el, mit n\u00e9z meg \u00fatk\u00f6zben. Aki t\u00f6bbre is k\u00edv\u00e1ncsi, k\u00e9rhet az egyes\u00fclet\u00fcnkt\u0151l t\u00faravezet\u0151t, aki elmondja azokat a dolgokat is, melyek esetleg nincsenek felt\u00fcntetve az inform\u00e1ci\u00f3s t\u00e1bl\u00e1kon.<\/p>\n<\/blockquote>\n<p>[\/vc_column_text][vc_empty_space height=&#8221;25px&#8221;][vc_row_inner][vc_column_inner width=&#8221;1\/3&#8243;][vc_images_carousel images=&#8221;213480,213482,213481&#8243; img_size=&#8221;medium&#8221; hide_pagination_control=&#8221;yes&#8221; wrap=&#8221;yes&#8221;][\/vc_column_inner][vc_column_inner width=&#8221;2\/3&#8243; css=&#8221;.vc_custom_1604496276845{margin-left: 15px !important;}&#8221;][vc_column_text]A Fels\u0151zs\u00f3lyomk\u00e1n, a Magas-hegyi s\u00edh\u00e1zhoz vezet\u0151 \u00faton, a Zs\u00f3lyomka-patak ment\u00e9n indulunk f\u00f6lfel\u00e9. A korl\u00e1ton \u00e1tn\u00e9zve jobbra lent az Als\u00f3zs\u00f3lyomka piciny h\u00e1zai sorakoznak.<\/p>\n<p>Az egykor k\u00e1d\u00e1rok lakta, majd lecs\u00faszott n\u00e9pek \u00e1ltal megt\u00f6lt\u00f6tt v\u00f6lgy most csod\u00e1s s\u00e9ta\u00fatvonal. A mostans\u00e1g gyakran kisz\u00e1rad\u00f3 patak kis z\u00fag\u00f3i t\u00e9len j\u00e9gcsapk\u00f6ltem\u00e9nyeket \u00edrnak a k\u0151g\u00e1takra \u2013 jaj, ez de sz\u00e9pen lett meg\u00edrva! A v\u00e9dett sziklafalak apr\u00f3 pinc\u00e9ket rejtenek.[\/vc_column_text][\/vc_column_inner][\/vc_row_inner][vc_row_inner][vc_column_inner width=&#8221;1\/3&#8243;][vc_images_carousel images=&#8221;213481,213484&#8243; img_size=&#8221;medium&#8221; hide_pagination_control=&#8221;yes&#8221; wrap=&#8221;yes&#8221;][\/vc_column_inner][vc_column_inner width=&#8221;2\/3&#8243; css=&#8221;.vc_custom_1604496276845{margin-left: 15px !important;}&#8221;][vc_column_text]K\u00f6r\u00fclbel\u00fcl a Berg Panzi\u00f3val egyvonalban jobbra lent egy s\u00edk terep l\u00e1that\u00f3, mely kb. 40 \u00e9ve m\u00e9g kicsiny t\u00f3 volt, melynek v\u00edzm\u00e9lys\u00e9ge el\u00e9rte az egy m\u00e9tert is. A sziklafalban m\u00e9g l\u00e1tszik egy r\u00e9gi barlang bej\u00e1rat\u00e1nak fels\u0151 \u00edve. Figyelem! Az inform\u00e1ci\u00f3s t\u00e1bl\u00e1kat \u00e9rdemes elolvasni \u2013 addig is pihen az ember.[\/vc_column_text][\/vc_column_inner][\/vc_row_inner][vc_row_inner][vc_column_inner width=&#8221;1\/3&#8243;][vc_images_carousel images=&#8221;213483&#8243; img_size=&#8221;medium&#8221; hide_pagination_control=&#8221;yes&#8221; hide_prev_next_buttons=&#8221;yes&#8221; wrap=&#8221;yes&#8221;][\/vc_column_inner][vc_column_inner width=&#8221;2\/3&#8243; css=&#8221;.vc_custom_1604496276845{margin-left: 15px !important;}&#8221;][vc_column_text]M\u00edg a nagy vil\u00e1g igyekszik elmosni a vall\u00e1sok k\u00f6z\u00f6tti k\u00fcl\u00f6nbs\u00e9get, itt akadnak m\u00e9g olyanok, akik harcolnak az\u00e9rt, hogy Magyarorsz\u00e1g megmaradjon kereszt\u00e9nynek. A k\u00f6zadakoz\u00e1sb\u00f3l \u00e1ll\u00edtott kegyhelyen csak \u00fagy, \u201eszab\u00e1lytalanul\u201d is im\u00e1dkozhatunk szeretteink\u00e9rt, bar\u00e1taink\u00e9rt \u00e9s haz\u00e1nk\u00e9rt.[\/vc_column_text][\/vc_column_inner][\/vc_row_inner][vc_row_inner][vc_column_inner width=&#8221;1\/3&#8243;][vc_images_carousel images=&#8221;213485,213487&#8243; img_size=&#8221;medium&#8221; hide_pagination_control=&#8221;yes&#8221; wrap=&#8221;yes&#8221;][\/vc_column_inner][vc_column_inner width=&#8221;2\/3&#8243; css=&#8221;.vc_custom_1604496276845{margin-left: 15px !important;}&#8221;][vc_column_text]<\/p>\n<p>Nemsok\u00e1ra el\u00e9r\u00fcnk egy el\u00e1gaz\u00e1shoz. Jobbra, a Zs\u00f3lyomkai pincesor, f\u00f6lfel\u00e9 pedig a Magyar K\u00e1lv\u00e1ri\u00e1ra, ill. a Magas-hegyi s\u00edh\u00e1zhoz (kalandpark k\u00f6z\u00e9p\u00e1llom\u00e1s) vezet az \u00fat. A pincesor kihagyhatatlan l\u00e1tv\u00e1ny. Ha a Longban Matula b\u00e1csit kerest\u00fck, itt Jancsi \u00e9s Juliska lehet a kutat\u00e1s c\u00e9lpontja. A mesebeli v\u00f6lgy jobbra egy orm\u00f3tlannak t\u0171n\u0151 \u00e9p\u00fclettel kezd\u0151dik, mely r\u00e9gen k\u00f6zf\u00fcrd\u0151 volt, s mint ilyen \u00f6r\u00f6mszerz\u00e9si feladatokat is ell\u00e1tott.<\/p>\n<p>[\/vc_column_text][\/vc_column_inner][\/vc_row_inner][vc_row_inner][vc_column_inner width=&#8221;1\/3&#8243;][vc_images_carousel images=&#8221;213486,213488,213490,213489&#8243; img_size=&#8221;medium&#8221; hide_pagination_control=&#8221;yes&#8221; wrap=&#8221;yes&#8221;][\/vc_column_inner][vc_column_inner width=&#8221;2\/3&#8243; css=&#8221;.vc_custom_1604496276845{margin-left: 15px !important;}&#8221;][vc_column_text]Visszat\u00e9r\u00fcnk az el\u00e1gaz\u00e1shoz, \u00e9s megindulunk a t\u00fara legkem\u00e9nyebb emelked\u0151j\u00e9n. A meredek tetej\u00e9n a Nagy-Magyarorsz\u00e1got stiliz\u00e1l\u00f3 term\u00e9sk\u0151vel kezd\u0151d\u0151 macskak\u00f6ves \u00faton elindulunk a Magyar K\u00e1lv\u00e1ria s\u00e9t\u00e1ny\u00e1n. Ide csak az j\u00f6jj\u00f6n ut\u00e1nunk, aki \u00e1t\u00e9rzi a magyars\u00e1g ellen v\u00e9grehajtott \u00e9gbeki\u00e1lt\u00f3an gonosz cselekedet, a trianoni dikt\u00e1tum jelent\u0151s\u00e9g\u00e9t. El\u0151sz\u00f6r a Magyar K\u00e1lv\u00e1ria kapuja \u2013 mellette az egykori k\u0151b\u00e1nya szikl\u00e1ival \u2013 majd a kil\u00e1t\u00f3 \u00e9s a Turul szobor, azt\u00e1n a st\u00e1ci\u00f3k k\u00f6vetkeznek. V\u00e1ndor! Ne rohanj! Szeml\u00e9ld a t\u00e1jat, a gy\u00f6ny\u00f6r\u0171 kil\u00e1t\u00e1st, \u00e9s olvasd el mind a 14 st\u00e1ci\u00f3n a t\u00e1bla\u00fczeneteket, \u00e9s \u00fagy \u00e9rkezz meg a Sz\u00e1r-hegy tetej\u00e9re, hogy legal\u00e1bb egy kicsit s\u00edrsz bel\u00fcl![\/vc_column_text][\/vc_column_inner][\/vc_row_inner][vc_row_inner][vc_column_inner width=&#8221;1\/3&#8243;][vc_images_carousel images=&#8221;213493,213494,213496&#8243; img_size=&#8221;medium&#8221; hide_pagination_control=&#8221;yes&#8221; wrap=&#8221;yes&#8221;][\/vc_column_inner][vc_column_inner width=&#8221;2\/3&#8243; css=&#8221;.vc_custom_1604496276845{margin-left: 15px !important;}&#8221;][vc_column_text]<\/p>\n<p>A Sz\u00e1r-hegy fenns\u00edkj\u00e1n, a 100. orsz\u00e1gz\u00e1szl\u00f3 emelv\u00e9ny\u00e9n Felvid\u00e9k fel\u00e9 fordulva el szoktuk \u00e9nekelni a Magyar Himnuszt, \u00e9s elmondjuk a r\u00f6vid foh\u00e1szt, mely a l\u00e9pcs\u0151vel szemben a talapzaton \u00e1ll. A fenns\u00edk t\u00fals\u00f3 v\u00e9g\u00e9n a Szent Istv\u00e1n k\u00e1polna fest\u0151i l\u00e1tk\u00e9pe igazi szakr\u00e1lis hely \u00e9rzet\u00e9t kelti \u2013 mint ahogy az is.<\/p>\n<p>[\/vc_column_text][\/vc_column_inner][\/vc_row_inner][vc_row_inner][vc_column_inner width=&#8221;1\/3&#8243;][vc_images_carousel images=&#8221;213497,213498,213499&#8243; img_size=&#8221;medium&#8221; hide_pagination_control=&#8221;yes&#8221; wrap=&#8221;yes&#8221;][\/vc_column_inner][vc_column_inner width=&#8221;2\/3&#8243; css=&#8221;.vc_custom_1604496276845{margin-left: 15px !important;}&#8221;][vc_column_text]<\/p>\n<p>A k\u00e1polna m\u00f6g\u00f6tt \u00e9p\u00edtett kil\u00e1t\u00f3 \u00e1llv\u00e1nyra \u00e1llva leny\u0171g\u00f6z\u0151 l\u00e1tv\u00e1ny fogad. Az egykori vulk\u00e1n h\u00e9t hegy \u00f6lelte kalder\u00e1ja hossz\u00fa percekig \u2013 ha nem \u00f3r\u00e1kig \u2013 k\u00e9pes marasztalni. L\u00e1tszik innen az a hely, ahov\u00e1 utunk is vezet egy k\u00e9k h\u00e1romsz\u00f6ggel is jel\u00f6lt, keskeny \u00f6sv\u00e9nyen, melyet sokszor kid\u0151lt f\u00e1k kereszteznek. L\u00e9gy \u00f3vatos, \u00e9s megfontolt, hogy \u00e9ps\u00e9gben v\u00e9gig menj e r\u00f6vid, de ann\u00e1l meredekebb szakaszon!<\/p>\n<p>[\/vc_column_text][\/vc_column_inner][\/vc_row_inner][vc_row_inner][vc_column_inner width=&#8221;1\/3&#8243;][vc_images_carousel images=&#8221;213500,213501,213502,213503&#8243; img_size=&#8221;medium&#8221; hide_pagination_control=&#8221;yes&#8221; wrap=&#8221;yes&#8221;][\/vc_column_inner][vc_column_inner width=&#8221;2\/3&#8243; css=&#8221;.vc_custom_1604496276845{margin-left: 15px !important;}&#8221;][vc_column_text]<\/p>\n<p>\u201eK\u00e9t \u00fat van el\u0151ttem\u201d! Jobbra lefel\u00e9 a Veresf\u00f6ldre vezet az \u00fat, mely becsatlakozik a Magas-hegyre vezet\u0151 aszfalt\u00fatba. Mi viszont balra fordulunk, \u00e9s n\u00e9h\u00e1ny m\u00e9ter ut\u00e1n egy mag\u00e1nyos t\u00f6lgybe botlunk. A t\u00f6lgy keleti oldal\u00e1n l\u00e9v\u0151 kis szent\u00e9ly egy szomor\u00fa esem\u00e9nyre eml\u00e9keztet, melyr\u0151l a t\u00faravezet\u0151k b\u0151vebben is mes\u00e9lnek. A fa ut\u00e1n tov\u00e1bb haladva a M\u00e1jus-k\u00fat v\u00f6lgy\u00e9be \u00e9rhet\u00fcnk, de mi most jobbra indulunk tov\u00e1bb a k\u00e9k h\u00e1romsz\u00f6g jelz\u00e9sen, hogy el\u00e9rj\u00fcnk t\u00far\u00e1nk c\u00e9lj\u00e1hoz, a Cholnoky gejz\u00edrk\u00faphoz.<\/p>\n<p>Ha van r\u00e1 energia, itt \u00e9rdemes felkapaszkodni a baloldali mered\u00e9lyen, melynek tetej\u00e9n egy kis sziklaorom tal\u00e1lhat\u00f3, ahonnan lel\u00e1tni a M\u00e1jus-k\u00fat patak v\u00f6lgy\u00e9re.<\/p>\n<p>[\/vc_column_text][\/vc_column_inner][\/vc_row_inner][vc_row_inner][vc_column_inner width=&#8221;1\/3&#8243;][vc_images_carousel images=&#8221;213504,213505&#8243; img_size=&#8221;medium&#8221; hide_pagination_control=&#8221;yes&#8221; wrap=&#8221;yes&#8221;][\/vc_column_inner][vc_column_inner width=&#8221;2\/3&#8243; css=&#8221;.vc_custom_1604496276845{margin-left: 15px !important;}&#8221;][vc_column_text]Egykoron m\u00e9g v\u00e1rosi maj\u00e1list is rendeztek, a nem mai gyerekek sz\u00e1m\u00e1ra csak Erdei j\u00e1tsz\u00f3t\u00e9r n\u00e9ven ismert tiszt\u00e1son, melyet m\u00e1ra csaknem teljesen visszah\u00f3d\u00edtott a n\u00f6v\u00e9nyzet. Nagyon er\u0151s szakr\u00e1lis energi\u00e1k \u00e9rezhet\u0151k itt, mely lehet, hogy a p\u00e1rmilli\u00f3 \u00e9vvel ezel\u0151tt a m\u00e9lyben fortyog\u00f3, de m\u00e1ra m\u00e1r megszil\u00e1rdult magm\u00e1nak k\u00f6sz\u00f6nhet\u0151.[\/vc_column_text][\/vc_column_inner][\/vc_row_inner][vc_row_inner][vc_column_inner width=&#8221;1\/3&#8243;][vc_images_carousel images=&#8221;213506,213507&#8243; img_size=&#8221;medium&#8221; hide_pagination_control=&#8221;yes&#8221; wrap=&#8221;yes&#8221;][\/vc_column_inner][vc_column_inner width=&#8221;2\/3&#8243; css=&#8221;.vc_custom_1604496276845{margin-left: 15px !important;}&#8221;][vc_column_text]<\/p>\n<p>A t\u00e1bla elolvas\u00e1sa \u00e9s n\u00e9mi pihen\u0151 ut\u00e1n tov\u00e1bbmegy\u00fcnk f\u00f6lfel\u00e9 a k\u00e9k h\u00e1romsz\u00f6g \u00fatvonal\u00e1n. Lesz egy meredekebb szakasz, de oly r\u00f6vid, hogy v\u00e9tek lenne meg\u00e1llni pihenni, m\u00e9g miel\u0151tt el\u00e9rj\u00fck a K\u00e9kt\u00fara \u00f6sv\u00e9ny\u00e9t. Az el\u00e1gaz\u00e1sban \u00e1ltalunk csak \u201ek\u00e1oszt\u00e1bl\u00e1nak\u201d nevezett ir\u00e1nyjelz\u0151 B\u00e1bel torny\u00e1val nem kell t\u00f6r\u0151dni! El\u00e9g, ha tudjuk, hogy jobbra a Nagy-nyugod\u00f3 nyereghez visz az \u00fat \u2013 melyet \u00e9rintett\u00fcnk m\u00e1r a Magas-hegyi tan\u00f6sv\u00e9ny t\u00far\u00e1nkon \u2013 balra pedig egy sokak sz\u00e1m\u00e1ra m\u00e1r ismer\u0151s \u00f6sv\u00e9ny, melyen most elindulunk lefel\u00e9.<\/p>\n<p>[\/vc_column_text][\/vc_column_inner][\/vc_row_inner][vc_row_inner][vc_column_inner width=&#8221;1\/3&#8243;][vc_images_carousel images=&#8221;213509,213510&#8243; img_size=&#8221;medium&#8221; hide_pagination_control=&#8221;yes&#8221; wrap=&#8221;yes&#8221;][\/vc_column_inner][vc_column_inner width=&#8221;2\/3&#8243; css=&#8221;.vc_custom_1604496276845{margin-left: 15px !important;}&#8221;][vc_column_text]<\/p>\n<p>\u00datk\u00f6zben itt-ott sz\u00e9pen l\u00e1tszik a Magyar K\u00e1lv\u00e1ria, tetej\u00e9n a k\u00e1poln\u00e1val, de \u00e9rdemes k\u00f6r\u00fcln\u00e9zni k\u00f6zvetlen\u00fcl az \u00fat mellett is. Baloldalon egy mes\u00e9be ill\u0151 elhagyott v\u00e1lyogh\u00e1z hirdeti a r\u00e9gm\u00falt id\u0151k eml\u00e9k\u00e9t. V\u00e9g\u00fcl a m\u00e1r j\u00f3l ismert soromp\u00f3n\u00e1l jobbra a V\u00e1rhegy \u00dcd\u00fcl\u0151 fel\u00e9 indulhatn\u00e1nk, de mi most visszas\u00e9t\u00e1lunk a v\u00e1rosba a M\u00e1jus-k\u00fat \u00faton. Szemben az a dombocska l\u00e1that\u00f3, melyre m\u00e9g a mag\u00e1nyos t\u00f6lgy ut\u00e1n eml\u00edtett\u00fck meg a felm\u00e1sz\u00e1s lehet\u0151s\u00e9g\u00e9t.<\/p>\n<p>[\/vc_column_text][\/vc_column_inner][\/vc_row_inner][vc_row_inner][vc_column_inner width=&#8221;1\/3&#8243;][vc_images_carousel images=&#8221;213511,213512&#8243; img_size=&#8221;medium&#8221; hide_pagination_control=&#8221;yes&#8221; wrap=&#8221;yes&#8221;][\/vc_column_inner][vc_column_inner width=&#8221;2\/3&#8243; css=&#8221;.vc_custom_1604496276845{margin-left: 15px !important;}&#8221;][vc_column_text]<\/p>\n<p>A kertv\u00e1ros apr\u00f3 h\u00e9tv\u00e9gi h\u00e1zai k\u00f6z\u00f6tt indulunk lefel\u00e9, majd egyre lejjebb \u00e9rve igazi lak\u00f3h\u00e1zak k\u00eds\u00e9rik az utat. Itt m\u00e1r aut\u00f3z\u00fag\u00e1s \u00e9s kutyaugat\u00e1s jelzi, hogy be\u00e9rt\u00fcnk a v\u00e1rosba, \u00e9s t\u00far\u00e1nk v\u00e9get \u00e9rt. Rem\u00e9lj\u00fck mindenki kellemesen elf\u00e1radt, \u00e9s ideje, hogy megigyunk valami friss\u00edt\u0151t. Mivel nagykor\u00fa vagyok, \u00e9n, ki e sorokat \u00edrom, a s\u00f6rt v\u00e1lasztom. Eg\u00e9szs\u00e9getekre!<\/p>\n<p>[\/vc_column_text][\/vc_column_inner][\/vc_row_inner][vc_column_text]<\/p>\n<blockquote>\n<p>K\u00e9r\u00fcnk minden idet\u00e9ved\u0151 t\u00farat\u00e1rsunkat, hogy ossza meg ezt a t\u00far\u00e1nkat is, hogy min\u00e9l t\u00f6bben ki tudjanak szakadni az egyhang\u00fa, v\u00e1rosi mindennapokb\u00f3l!<\/p>\n<p style=\"text-align: right;\">K\u00f6sz\u00f6nj\u00fck!<\/p>\n<\/blockquote>\n<p>[\/vc_column_text][\/vc_column][\/vc_row][vc_row full_width=&#8221;stretch_row&#8221; disable_element=&#8221;yes&#8221; css=&#8221;.vc_custom_1610450316410{margin-bottom: 0px !important;}&#8221;][vc_column css=&#8221;.vc_custom_1553589470450{margin-top: 0px !important;margin-bottom: 0px !important;padding-top: 0px !important;padding-bottom: 0px !important;}&#8221;]<div style=\"visibility: hidden;\" id=\"carousel-anything-1\" class=\"gambit-carousel-anything carousel-anything-container owl-ca-carousel  gambit-carousel-posts carousel-posts-1  ca-equal-height\" data-slide-anim=\"\" data-rtl=\"false\" data-items=\"3\"data-totalitems=\"0\" data-scroll_per_page=\"\" data-autoplay=\"5000\"data-items-tablet=\"1\" data-items-mobile=\"1\" data-stop-on-hover=\"\" data-speed-scroll=\"800\" data-speed-rewind=\"1000\"data-thumbnails=\"thumbnail\" data-navigation=\"true\" data-touchdrag=\"false\" data-keyboard=\"false\" data-alignment=\"50\"data-start=\"0\"><div class=\"gcp-post  gcp-design-image gcp-post-id-209346 gcp-taxonomy-category gcp-taxonomy-post_tag gcp-taxonomy-post_format gcp-taxonomy-language gcp-taxonomy-post_translations gcp-term-post_translations-pll_5dc409e2a7944 \" style=\" \"><a href=\"https:\/\/zempleninfo.eu\/?p=209346\"><span class=\"gcp-post-image\" style=\"height: 200px; background-repeat: no-repeat; background-size: cover; background-position: center;  background-image: url(https:\/\/zempleninfo.eu\/wp-content\/uploads\/2017\/03\/felszin_cikkbe_00-e1635148655540-compress.jpg);\"><\/span><\/a><div class=\"gcp-caption-wrapper \"><a href=\"https:\/\/zempleninfo.eu\/?p=209346\"><h4 class=\"gcp-post-title\"><a href=\"https:\/\/zempleninfo.eu\/?p=209346\">\u00c9rdekess\u00e9gek<\/a><\/h4><\/a><\/div><\/div><div class=\"gcp-post  gcp-design-image gcp-post-id-213732 gcp-taxonomy-category gcp-taxonomy-post_tag gcp-taxonomy-post_format gcp-taxonomy-language gcp-taxonomy-post_translations \" style=\" \"><a href=\"https:\/\/zempleninfo.eu\/?p=213732\"><span class=\"gcp-post-image\" style=\"height: 200px; background-repeat: no-repeat; background-size: cover; background-position: center;  background-image: url(https:\/\/zempleninfo.eu\/wp-content\/uploads\/04_Kalandozas_aktivan\/Gyalog\/KisMilic_konnyeden\/07_KisMilic_konnyeden-compress.jpg);\"><\/span><\/a><div class=\"gcp-caption-wrapper \"><a href=\"https:\/\/zempleninfo.eu\/?p=213732\"><h4 class=\"gcp-post-title\"><a href=\"https:\/\/zempleninfo.eu\/?p=213732\">Kis-Milic k\u00f6nnyed\u00e9n<\/a><\/h4><\/a><\/div><\/div><div class=\"gcp-post  gcp-design-image gcp-post-id-209077 gcp-taxonomy-category gcp-taxonomy-post_tag gcp-taxonomy-post_format gcp-taxonomy-language gcp-taxonomy-post_translations gcp-term-post_translations-pll_603cd3ac48fb1 \" style=\" \"><a href=\"https:\/\/zempleninfo.eu\/?p=209077\"><span class=\"gcp-post-image\" style=\"height: 200px; background-repeat: no-repeat; background-size: cover; background-position: center;  background-image: url(https:\/\/zempleninfo.eu\/wp-content\/uploads\/2013\/05\/5293113_mod_w700-compress.jpg);\"><\/span><\/a><div class=\"gcp-caption-wrapper \"><a href=\"https:\/\/zempleninfo.eu\/?p=209077\"><h4 class=\"gcp-post-title\"><a href=\"https:\/\/zempleninfo.eu\/?p=209077\">Ker\u00e9kp\u00e1ros t\u00fara aj\u00e1nlatok<\/a><\/h4><\/a><\/div><\/div><div class=\"gcp-post  gcp-design-image gcp-post-id-212854 gcp-taxonomy-category gcp-taxonomy-post_tag gcp-taxonomy-post_format gcp-taxonomy-language gcp-taxonomy-post_translations \" style=\" \"><a href=\"https:\/\/zempleninfo.eu\/?p=212854\"><span class=\"gcp-post-image\" style=\"height: 200px; background-repeat: no-repeat; background-size: cover; background-position: center;  background-image: url(https:\/\/zempleninfo.eu\/wp-content\/uploads\/04_Kalandozas_aktivan\/Gyalog\/Fekete_hegy\/Fekete_hegyi_kilato-compress.jpg);\"><\/span><\/a><div class=\"gcp-caption-wrapper \"><a href=\"https:\/\/zempleninfo.eu\/?p=212854\"><h4 class=\"gcp-post-title\"><a href=\"https:\/\/zempleninfo.eu\/?p=212854\">Fekete-hegyi tan\u00f6sv\u00e9ny \u00e9s kil\u00e1t\u00f3<\/a><\/h4><\/a><\/div><\/div><div class=\"gcp-post  gcp-design-image gcp-post-id-213707 gcp-taxonomy-category gcp-taxonomy-post_tag gcp-taxonomy-post_format gcp-taxonomy-language gcp-taxonomy-post_translations \" style=\" \"><a href=\"https:\/\/zempleninfo.eu\/?p=213707\"><span class=\"gcp-post-image\" style=\"height: 200px; background-repeat: no-repeat; background-size: cover; background-position: center;  background-image: url(https:\/\/zempleninfo.eu\/wp-content\/uploads\/04_Kalandozas_aktivan\/Gyalog\/Szajtato_kaptato\/08_Szajtato_kaptato-compress.jpg);\"><\/span><\/a><div class=\"gcp-caption-wrapper \"><a href=\"https:\/\/zempleninfo.eu\/?p=213707\"><h4 class=\"gcp-post-title\"><a href=\"https:\/\/zempleninfo.eu\/?p=213707\">Sz\u00e1jt\u00e1t\u00f3 kaptat\u00f3<\/a><\/h4><\/a><\/div><\/div><div class=\"gcp-post  gcp-design-image gcp-post-id-212879 gcp-taxonomy-category gcp-taxonomy-post_tag gcp-taxonomy-post_format gcp-taxonomy-language gcp-taxonomy-post_translations \" style=\" \"><a href=\"https:\/\/zempleninfo.eu\/?p=212879\"><span class=\"gcp-post-image\" style=\"height: 200px; background-repeat: no-repeat; background-size: cover; background-position: center;  background-image: url(https:\/\/zempleninfo.eu\/wp-content\/uploads\/04_Kalandozas_aktivan\/Gyalog\/Rovid_Long_Tura\/Rovid_Long_Tura_01-compress.jpg);\"><\/span><\/a><div class=\"gcp-caption-wrapper \"><a href=\"https:\/\/zempleninfo.eu\/?p=212879\"><h4 class=\"gcp-post-title\"><a href=\"https:\/\/zempleninfo.eu\/?p=212879\">R\u00f6vid t\u00fara a Longban<\/a><\/h4><\/a><\/div><\/div><div class=\"gcp-post  gcp-design-image gcp-post-id-209074 gcp-taxonomy-category gcp-taxonomy-post_tag gcp-taxonomy-post_format gcp-taxonomy-language gcp-taxonomy-post_translations gcp-term-post_translations-pll_5dc409b0929e6 \" style=\" \"><a href=\"https:\/\/zempleninfo.eu\/?p=209074\"><span class=\"gcp-post-image\" style=\"height: 200px; background-repeat: no-repeat; background-size: cover; background-position: center;  background-image: url(https:\/\/zempleninfo.eu\/wp-content\/uploads\/04_Kalandozas_aktivan\/Gyalog\/Zemplen_Kalandpark\/ZKP_aktivan_00-compress.jpg);\"><\/span><\/a><div class=\"gcp-caption-wrapper \"><a href=\"https:\/\/zempleninfo.eu\/?p=209074\"><h4 class=\"gcp-post-title\"><a href=\"https:\/\/zempleninfo.eu\/?p=209074\">Zempl\u00e9n Kalandpark<\/a><\/h4><\/a><\/div><\/div><div class=\"gcp-post  gcp-design-image gcp-post-id-209075 gcp-taxonomy-category gcp-taxonomy-post_tag gcp-taxonomy-post_format gcp-taxonomy-language gcp-taxonomy-post_translations gcp-term-post_translations-pll_603cda19218ab \" style=\" \"><a href=\"https:\/\/zempleninfo.eu\/?p=209075\"><span class=\"gcp-post-image\" style=\"height: 200px; background-repeat: no-repeat; background-size: cover; background-position: center;  background-image: url(https:\/\/zempleninfo.eu\/wp-content\/uploads\/05_Szolgaltatok\/01_szallas\/Bodrog_turistahaz\/Bodrog_turistahaz_03-compress.jpg);\"><\/span><\/a><div class=\"gcp-caption-wrapper \"><a href=\"https:\/\/zempleninfo.eu\/?p=209075\"><h4 class=\"gcp-post-title\"><a href=\"https:\/\/zempleninfo.eu\/?p=209075\">Vizit\u00fara aj\u00e1nlatok<\/a><\/h4><\/a><\/div><\/div><div class=\"gcp-post  gcp-design-image gcp-post-id-212851 gcp-taxonomy-category gcp-taxonomy-post_tag gcp-taxonomy-post_format gcp-taxonomy-language gcp-taxonomy-post_translations \" style=\" \"><a href=\"https:\/\/zempleninfo.eu\/?p=212851\"><span class=\"gcp-post-image\" style=\"height: 200px; background-repeat: no-repeat; background-size: cover; background-position: center;  background-image: url(https:\/\/zempleninfo.eu\/wp-content\/uploads\/04_Kalandozas_aktivan\/Gyalog\/Magas_hegyi_tanosveny\/Magas_hegyi_tanosveny_06-e1635148845240-compress.jpg);\"><\/span><\/a><div class=\"gcp-caption-wrapper \"><a href=\"https:\/\/zempleninfo.eu\/?p=212851\"><h4 class=\"gcp-post-title\"><a href=\"https:\/\/zempleninfo.eu\/?p=212851\">Magas-hegyi tan\u00f6sv\u00e9ny<\/a><\/h4><\/a><\/div><\/div><div class=\"gcp-post  gcp-design-image gcp-post-id-212881 gcp-taxonomy-category gcp-taxonomy-post_tag gcp-taxonomy-post_format gcp-taxonomy-language gcp-taxonomy-post_translations \" style=\" \"><a href=\"https:\/\/zempleninfo.eu\/?p=212881\"><span class=\"gcp-post-image\" style=\"height: 200px; background-repeat: no-repeat; background-size: cover; background-position: center;  background-image: url(https:\/\/zempleninfo.eu\/wp-content\/uploads\/04_Kalandozas_aktivan\/Gyalog\/Tura_a_varos_korul\/21_Tura_a_varos_korul-compress.jpg);\"><\/span><\/a><div class=\"gcp-caption-wrapper \"><a href=\"https:\/\/zempleninfo.eu\/?p=212881\"><h4 class=\"gcp-post-title\"><a href=\"https:\/\/zempleninfo.eu\/?p=212881\">T\u00fara a v\u00e1ros k\u00f6r\u00fcl<\/a><\/h4><\/a><\/div><\/div><div class=\"gcp-post  gcp-design-image gcp-post-id-212877 gcp-taxonomy-category gcp-taxonomy-post_tag gcp-taxonomy-post_format gcp-taxonomy-language gcp-taxonomy-post_translations \" style=\" \"><a href=\"https:\/\/zempleninfo.eu\/?p=212877\"><span class=\"gcp-post-image\" style=\"height: 200px; background-repeat: no-repeat; background-size: cover; background-position: center;  background-image: url(https:\/\/zempleninfo.eu\/wp-content\/uploads\/04_Kalandozas_aktivan\/Gyalog\/Magma_Tura\/Magma_Tura_27-compress.jpg);\"><\/span><\/a><div class=\"gcp-caption-wrapper \"><a href=\"https:\/\/zempleninfo.eu\/?p=212877\"><h4 class=\"gcp-post-title\"><a href=\"https:\/\/zempleninfo.eu\/?p=212877\">Magma t\u00fara<\/a><\/h4><\/a><\/div><\/div><\/div><div class=\"clearboth\"><\/div><style>#thegem-divider-69f4aa64d3920 {margin-top: 100px !important;}<\/style><div id=\"thegem-divider-69f4aa64d3920\" class=\"gem-divider  \" style=\"\" ><\/div>[\/vc_column][\/vc_row]<\/p>\n<\/div>","protected":false},"excerpt":{"rendered":"<p>S\u00e1toralja\u00fajhely egy kihunyt vulk\u00e1n hatalmas l\u00e1vafoly\u00e1s\u00e1ra \u00e9p\u00fclt. A n\u00e9hai kaldera m\u00e9g most is l\u00e1that\u00f3 \u00e9s bej\u00e1rhat\u00f3, k\u00f6zep\u00e9n a Cholnoky-gejz\u00edrk\u00fappal.<\/p>\n","protected":false},"author":1,"featured_media":213505,"comment_status":"closed","ping_status":"closed","sticky":false,"template":"","format":"standard","meta":{"footnotes":""},"categories":[505,50],"tags":[523],"class_list":{"0":"post-212877","1":"post","2":"type-post","3":"status-publish","4":"format-standard","5":"has-post-thumbnail","7":"category-gyalogosan","8":"category-kalandozas-aktivan-zemplenben","9":"tag-gyalogos-tura"},"lang":"hu","translations":{"hu":212877},"pll_sync_post":[],"menu_order":0,"_links":{"self":[{"href":"https:\/\/zempleninfo.eu\/index.php?rest_route=\/wp\/v2\/posts\/212877","targetHints":{"allow":["GET"]}}],"collection":[{"href":"https:\/\/zempleninfo.eu\/index.php?rest_route=\/wp\/v2\/posts"}],"about":[{"href":"https:\/\/zempleninfo.eu\/index.php?rest_route=\/wp\/v2\/types\/post"}],"author":[{"embeddable":true,"href":"https:\/\/zempleninfo.eu\/index.php?rest_route=\/wp\/v2\/users\/1"}],"replies":[{"embeddable":true,"href":"https:\/\/zempleninfo.eu\/index.php?rest_route=%2Fwp%2Fv2%2Fcomments&post=212877"}],"version-history":[{"count":0,"href":"https:\/\/zempleninfo.eu\/index.php?rest_route=\/wp\/v2\/posts\/212877\/revisions"}],"wp:featuredmedia":[{"embeddable":true,"href":"https:\/\/zempleninfo.eu\/index.php?rest_route=\/wp\/v2\/media\/213505"}],"wp:attachment":[{"href":"https:\/\/zempleninfo.eu\/index.php?rest_route=%2Fwp%2Fv2%2Fmedia&parent=212877"}],"wp:term":[{"taxonomy":"category","embeddable":true,"href":"https:\/\/zempleninfo.eu\/index.php?rest_route=%2Fwp%2Fv2%2Fcategories&post=212877"},{"taxonomy":"post_tag","embeddable":true,"href":"https:\/\/zempleninfo.eu\/index.php?rest_route=%2Fwp%2Fv2%2Ftags&post=212877"}],"curies":[{"name":"wp","href":"https:\/\/api.w.org\/{rel}","templated":true}]}}