{"id":209156,"date":"2013-06-04T10:54:31","date_gmt":"2013-06-04T09:54:31","guid":{"rendered":"http:\/\/localhost\/Zinfo2020_WP\/2013\/06\/04\/projekt-adatok-2\/"},"modified":"2021-03-05T15:20:29","modified_gmt":"2021-03-05T14:20:29","slug":"projekt-adatok-2","status":"publish","type":"post","link":"https:\/\/zempleninfo.eu\/?p=209156","title":{"rendered":"Projekt adatok"},"content":{"rendered":"<div class=\"wpb-content-wrapper\"><p>[vc_row][vc_column][vc_custom_heading source=&#8221;post_title&#8221; font_container=&#8221;tag:h4|text_align:left&#8221; google_fonts=&#8221;font_family:Roboto%20Condensed%3A300%2C300italic%2Cregular%2Citalic%2C700%2C700italic|font_style:400%20regular%3A400%3Anormal&#8221;][vc_column_text]<\/p>\n<h4>&#8222;S\u00e1toralja\u00fajhely &#8211; Hegyk\u00f6z Helyi Turisztikai Desztin\u00e1ci\u00f3s Menedzsment\u00a0Szervezet tov\u00e1bbfejleszt\u00e9se&#8221;<\/h4>\n<p>&nbsp;<\/p>\n<table dir=\"ltr\" style=\"font-size: 13px; font-family: Tahoma, Arial, Helvetica, sans-serif; border-collapse: collapse; margin: 1px; color: #696969; line-height: normal;\" border=\"0\" cellspacing=\"0\" cellpadding=\"0\" align=\"left\">\n<tbody>\n<tr>\n<td style=\"padding: 2px; border-style: solid; border-color: #c7c7c7; vertical-align: top;\">\n<p style=\"margin: 10px 0px; padding: 0px;\">Kedvezm\u00e9nyezett neve \u00e9s el\u00e9rhet\u0151s\u00e9ge:<\/p>\n<\/td>\n<td style=\"padding: 2px; border-style: solid; border-color: #c7c7c7; vertical-align: top;\">\n<p style=\"margin: 10px 0px; padding: 0px;\">S\u00e1toralja\u00fajhely &#8211; Hegyk\u00f6z Turizmus\u00e1\u00e9rt Egyes\u00fclet<\/p>\n<p style=\"margin: 10px 0px; padding: 0px;\">3980 S\u00e1toralja\u00fajhely, H\u0151s\u00f6k tere 3.<\/p>\n<\/td>\n<\/tr>\n<tr>\n<td style=\"padding: 2px; border-style: solid; border-color: #c7c7c7; vertical-align: top;\">\n<p style=\"margin: 10px 0px; padding: 0px;\">Az Eur\u00f3pai Uni\u00f3 \u00e9s a Magyar \u00c1llam \u00e1ltal ny\u00fajtott<\/p>\n<p style=\"margin: 10px 0px; padding: 0px;\">t\u00e1mogat\u00e1s \u00f6sszege:<\/p>\n<\/td>\n<td style=\"padding: 2px; border-style: solid; border-color: #c7c7c7; vertical-align: top;\">\n<p style=\"margin: 10px 0px; padding: 0px;\">50 119 865 Ft<\/p>\n<\/td>\n<\/tr>\n<tr>\n<td style=\"padding: 2px; border-style: solid; border-color: #c7c7c7; vertical-align: top;\">Projektsz\u00e1m<\/td>\n<td style=\"padding: 2px; border-style: solid; border-color: #c7c7c7; vertical-align: top;\">\u00c9MOP-2.3.1-11-2011-0008<\/td>\n<\/tr>\n<tr>\n<td style=\"padding: 2px; border-style: solid; border-color: #c7c7c7; vertical-align: top;\">A projekt megval\u00f3sul\u00e1s\u00e1nak kezdete:<\/td>\n<td style=\"padding: 2px; border-style: solid; border-color: #c7c7c7; vertical-align: top;\">2012.05.31.<\/td>\n<\/tr>\n<tr>\n<td style=\"padding: 2px; border-style: solid; border-color: #c7c7c7; vertical-align: top;\">A projekt megval\u00f3sul\u00e1s\u00e1nak befejez\u00e9se:<\/td>\n<td style=\"padding: 2px; border-style: solid; border-color: #c7c7c7; vertical-align: top;\">2014.03.31.<\/td>\n<\/tr>\n<tr>\n<td style=\"padding: 2px; border-style: solid; border-color: #c7c7c7; vertical-align: top;\">T\u00e1mogat\u00f3:<\/td>\n<td style=\"padding: 2px; border-style: solid; border-color: #c7c7c7; vertical-align: top;\"><a style=\"margin: 0px; padding: 0px; color: #cf3033;\" href=\"http:\/\/www.nfu.hu\/\">Nemzeti Fejleszt\u00e9si \u00dcgyn\u00f6ks\u00e9g 1077 Budapest, Wessel\u00e9nyi u. 20-22.<\/a><\/td>\n<\/tr>\n<tr>\n<td style=\"padding: 2px; border-style: solid; border-color: #c7c7c7; vertical-align: top;\">K\u00f6zrem\u0171k\u00f6d\u0151 Szervezet:<\/td>\n<td style=\"padding: 2px; border-style: solid; border-color: #c7c7c7; vertical-align: top;\"><a style=\"margin: 0px; padding: 0px; color: #cf3033;\" href=\"http:\/\/www.norda.hu\/\">NORDA \u00c9szak-magyarorsz\u00e1gi Region\u00e1lis Fejleszt\u00e9si \u00dcgyn\u00f6ks\u00e9g 3525 Miskolc, Sz\u00e9chenyi u. 107.<\/a><\/td>\n<\/tr>\n<\/tbody>\n<\/table>\n<p>&nbsp;<\/p>\n<p>&nbsp;<\/p>\n<p>&nbsp;<\/p>\n<p>&nbsp;<\/p>\n<p>&nbsp;<\/p>\n<p>&nbsp;<\/p>\n<p><a href=\"http:\/\/www.zempleninfo.eu\/tdmpii\/\">Projekt aloldala<\/a>[\/vc_column_text][\/vc_column][\/vc_row]<\/p>\n<\/div>","protected":false},"excerpt":{"rendered":"<p>[vc_row][vc_column][vc_custom_heading source=&#8221;post_title&#8221; font_container=&#8221;tag:h4|text_align:left&#8221; google_fonts=&#8221;font_family:Roboto%20Condensed%3A300%2C300italic%2Cregular%2Citalic%2C700%2C700italic|font_style:400%20regular%3A400%3Anormal&#8221;][vc_column_text] &#8222;S\u00e1toralja\u00fajhely &#8211; Hegyk\u00f6z Helyi Turisztikai Desztin\u00e1ci\u00f3s Menedzsment\u00a0Szervezet tov\u00e1bbfejleszt\u00e9se&#8221; &nbsp; Kedvezm\u00e9nyezett neve \u00e9s el\u00e9rhet\u0151s\u00e9ge: S\u00e1toralja\u00fajhely &#8211; Hegyk\u00f6z&#8230;<\/p>\n","protected":false},"author":1,"featured_media":215992,"comment_status":"closed","ping_status":"closed","sticky":false,"template":"","format":"standard","meta":{"footnotes":""},"categories":[74],"tags":[],"class_list":{"0":"post-209156","1":"post","2":"type-post","3":"status-publish","4":"format-standard","5":"has-post-thumbnail","7":"category-emop-2-3-1-11-2011-0008"},"lang":"hu","translations":{"hu":209156},"pll_sync_post":[],"menu_order":185,"_links":{"self":[{"href":"https:\/\/zempleninfo.eu\/index.php?rest_route=\/wp\/v2\/posts\/209156","targetHints":{"allow":["GET"]}}],"collection":[{"href":"https:\/\/zempleninfo.eu\/index.php?rest_route=\/wp\/v2\/posts"}],"about":[{"href":"https:\/\/zempleninfo.eu\/index.php?rest_route=\/wp\/v2\/types\/post"}],"author":[{"embeddable":true,"href":"https:\/\/zempleninfo.eu\/index.php?rest_route=\/wp\/v2\/users\/1"}],"replies":[{"embeddable":true,"href":"https:\/\/zempleninfo.eu\/index.php?rest_route=%2Fwp%2Fv2%2Fcomments&post=209156"}],"version-history":[{"count":0,"href":"https:\/\/zempleninfo.eu\/index.php?rest_route=\/wp\/v2\/posts\/209156\/revisions"}],"wp:featuredmedia":[{"embeddable":true,"href":"https:\/\/zempleninfo.eu\/index.php?rest_route=\/wp\/v2\/media\/215992"}],"wp:attachment":[{"href":"https:\/\/zempleninfo.eu\/index.php?rest_route=%2Fwp%2Fv2%2Fmedia&parent=209156"}],"wp:term":[{"taxonomy":"category","embeddable":true,"href":"https:\/\/zempleninfo.eu\/index.php?rest_route=%2Fwp%2Fv2%2Fcategories&post=209156"},{"taxonomy":"post_tag","embeddable":true,"href":"https:\/\/zempleninfo.eu\/index.php?rest_route=%2Fwp%2Fv2%2Ftags&post=209156"}],"curies":[{"name":"wp","href":"https:\/\/api.w.org\/{rel}","templated":true}]}}