{"id":209154,"date":"2013-06-04T09:44:13","date_gmt":"2013-06-04T08:44:13","guid":{"rendered":"http:\/\/localhost\/Zinfo2020_WP\/2013\/06\/04\/a-satoraljaujhely-hegykoz-turizmusaert-egyesulet-vette-at-a-tourinform-zemplen-iroda-mukodteteset\/"},"modified":"2021-03-05T15:23:02","modified_gmt":"2021-03-05T14:23:02","slug":"a-satoraljaujhely-hegykoz-turizmusaert-egyesulet-vette-at-a-tourinform-zemplen-iroda-mukodteteset","status":"publish","type":"post","link":"https:\/\/zempleninfo.eu\/?p=209154","title":{"rendered":"A S\u00e1toralja\u00fajhely \u2013 Hegyk\u00f6z Turizmus\u00e1\u00e9rt Egyes\u00fclet vette \u00e1t a Tourinform Zempl\u00e9n Iroda m\u0171k\u00f6dtet\u00e9s\u00e9t"},"content":{"rendered":"<div class=\"wpb-content-wrapper\"><p>[vc_row][vc_column][vc_custom_heading source=&#8221;post_title&#8221; font_container=&#8221;tag:h4|text_align:left&#8221; google_fonts=&#8221;font_family:Roboto%20Condensed%3A300%2C300italic%2Cregular%2Citalic%2C700%2C700italic|font_style:400%20regular%3A400%3Anormal&#8221;][vc_column_text]2010. augusztus 11.<\/p>\n<p>&nbsp;<\/p>\n<p>S\u00e1toralja\u00fajhely V\u00e1ros \u00d6nkorm\u00e1nyzata 2009-ben vezet\u0151 partnerk\u00e9nt, tov\u00e1bbi 6 hegyk\u00f6zi telep\u00fcl\u00e9ssel (Mik\u00f3h\u00e1za, Als\u00f3regmec, V\u00e1g\u00e1shuta, Vilyvit\u00e1ny, F\u00fcz\u00e9rkoml\u00f3s, Ny\u00edri), sz\u00e1mos idegenforgalmi szolg\u00e1ltat\u00f3val \u00e9s civil szervezettel k\u00f6z\u00f6sen p\u00e1ly\u00e1zatot ny\u00fajtott be \u201eS\u00e1toralja\u00fajhely \u2013 Hegyk\u00f6z Helyi Turisztikai Desztin\u00e1ci\u00f3 Menedzsment Szervezet l\u00e9trehoz\u00e1sa\u201d c\u00edmmel (\u00c9MOP \u2013 2.3.1.-2009 \u2013 0002) A pozit\u00edv t\u00e1mogat\u00f3i d\u00f6nt\u00e9s eredm\u00e9nyek\u00e9nt 2010. \u00e1prilisban, az \u00c9szak-Magyarorsz\u00e1gi R\u00e9gi\u00f3ban els\u0151k\u00e9nt \u00edrhatott al\u00e1 T\u00e1mogat\u00e1si Szerz\u0151d\u00e9st a helyi TDM feladatokat ell\u00e1t\u00f3 S\u00e1toralja\u00fajhely-Hegyk\u00f6z Turizmus\u00e1\u00e9rt Egyes\u00fclet.<\/p>\n<p>&nbsp;<\/p>\n<p>A p\u00e1ly\u00e1zati ki\u00edr\u00e1s inform\u00e1ci\u00f3s iroda m\u0171k\u00f6dtet\u00e9s\u00e9t \u00edrta el\u0151, \u00edgy c\u00e9lszer\u0171bb volt a megl\u00e9v\u0151 Tourinform Iroda \u00e1tv\u00e9tele \u00e9s feladat k\u00f6r\u00e9nek b\u0151v\u00edt\u00e9se, mint egy \u00faj, p\u00e1rhuzamosan m\u0171k\u00f6d\u0151 iroda l\u00e9trehoz\u00e1sa. Ezt megval\u00f3s\u00edtand\u00f3 sz\u00fcletett egy K\u00f6z\u00e9pt\u00e1v\u00fa Egy\u00fcttm\u0171k\u00f6d\u00e9si Meg\u00e1llapod\u00e1s a S\u00e1toralja\u00fajhely &#8211; Hegyk\u00f6z Turizmus\u00e1\u00e9rt Egyes\u00fclet \u00e9s az \u00d6nkorm\u00e1nyzat k\u00f6z\u00f6tt, melynek eredm\u00e9nyek\u00e9pp 2010. augusztus 2-\u00e1n az Egyes\u00fclet \u00e1tvette a Tourinform Iroda szakmai ir\u00e1ny\u00edt\u00e1s\u00e1t \u00e9s m\u0171k\u00f6dtet\u00e9s\u00e9t.<\/p>\n<p>A meg\u00e1llapod\u00e1s, az idegenforgalmi feladatok megoszt\u00e1s\u00e1nak szab\u00e1lyz\u00e1s\u00e1n t\u00fal a Tourinform Iroda haszn\u00e1lat\u00e1nak \u00e1tv\u00e9tel\u00e9t taglalja. A v\u00e1ros \u00f6nkorm\u00e1nyzata \u00e1tadta a Tourinform Iroda \u00e9p\u00fclet\u00e9t, eszk\u00f6zeit \u00e9s az iroda munkat\u00e1rsait is. Anyagi forr\u00e1sok tekintet\u00e9ben pedig a TDM p\u00e1ly\u00e1zat \u00e1ltal el\u0151\u00edrt \u00e9ves \u00f6nkorm\u00e1nyzati tagd\u00edjat, illetve ezen fel\u00fcl ugyanazt az el\u0151ir\u00e1nyzott \u00f6sszeget, melyet kor\u00e1bban a Tourinform Iroda m\u0171k\u00f6dtet\u00e9s\u00e9re ford\u00edtott.<\/p>\n<p>A TDM Menedzserb\u0151l \u00e9s a Tourinform Zempl\u00e9n Iroda munkat\u00e1rsaib\u00f3l \u00e1ll\u00f3 munkaszervezet sz\u00e1m\u00e1ra az egyes\u00fclet d\u00f6nt\u00e9shoz\u00f3 szervei hat\u00e1rozza meg a turisztikai marketing \u00e9s egy\u00e9b tev\u00e9kenys\u00e9gek ir\u00e1ny\u00e1t. Megval\u00f3sult teh\u00e1t az a szolg\u00e1ltat\u00f3k \u00e1ltal elv\u00e1rt ig\u00e9ny, hogy a turizmussal kapcsolatos d\u00f6nt\u00e9sekben k\u00f6zvetlen\u00fcl vegyenek r\u00e9szt. A szakmai konszenzus pedig megfelel\u0151 keretet biztos\u00edt a p\u00e1ly\u00e1zati forr\u00e1s c\u00e9lszer\u0171 felhaszn\u00e1l\u00e1s\u00e1hoz.<\/p>\n<p>A projekt \u00f6sszk\u00f6lts\u00e9ge 37\u00a0697\u00a0778 Ft, melynek 85% &#8211; a, azaz 32\u00a0043\u00a0111 Ft vissza nem t\u00e9r\u00edtend\u0151 Eur\u00f3pai Uni\u00f3s forr\u00e1s.<\/p>\n<p>&nbsp;<\/p>\n<p>[\/vc_column_text][\/vc_column][\/vc_row]<\/p>\n<\/div>","protected":false},"excerpt":{"rendered":"<p>[vc_row][vc_column][vc_custom_heading source=&#8221;post_title&#8221; font_container=&#8221;tag:h4|text_align:left&#8221; google_fonts=&#8221;font_family:Roboto%20Condensed%3A300%2C300italic%2Cregular%2Citalic%2C700%2C700italic|font_style:400%20regular%3A400%3Anormal&#8221;][vc_column_text]2010. augusztus 11. &nbsp; S\u00e1toralja\u00fajhely V\u00e1ros \u00d6nkorm\u00e1nyzata 2009-ben vezet\u0151 partnerk\u00e9nt, tov\u00e1bbi 6 hegyk\u00f6zi telep\u00fcl\u00e9ssel (Mik\u00f3h\u00e1za, Als\u00f3regmec, V\u00e1g\u00e1shuta,&#8230;<\/p>\n","protected":false},"author":1,"featured_media":215992,"comment_status":"closed","ping_status":"closed","sticky":false,"template":"","format":"standard","meta":{"footnotes":""},"categories":[73],"tags":[],"class_list":{"0":"post-209154","1":"post","2":"type-post","3":"status-publish","4":"format-standard","5":"has-post-thumbnail","7":"category-emop-2-3-1-2009-0002"},"lang":"hu","translations":{"hu":209154},"pll_sync_post":[],"menu_order":183,"_links":{"self":[{"href":"https:\/\/zempleninfo.eu\/index.php?rest_route=\/wp\/v2\/posts\/209154","targetHints":{"allow":["GET"]}}],"collection":[{"href":"https:\/\/zempleninfo.eu\/index.php?rest_route=\/wp\/v2\/posts"}],"about":[{"href":"https:\/\/zempleninfo.eu\/index.php?rest_route=\/wp\/v2\/types\/post"}],"author":[{"embeddable":true,"href":"https:\/\/zempleninfo.eu\/index.php?rest_route=\/wp\/v2\/users\/1"}],"replies":[{"embeddable":true,"href":"https:\/\/zempleninfo.eu\/index.php?rest_route=%2Fwp%2Fv2%2Fcomments&post=209154"}],"version-history":[{"count":0,"href":"https:\/\/zempleninfo.eu\/index.php?rest_route=\/wp\/v2\/posts\/209154\/revisions"}],"wp:featuredmedia":[{"embeddable":true,"href":"https:\/\/zempleninfo.eu\/index.php?rest_route=\/wp\/v2\/media\/215992"}],"wp:attachment":[{"href":"https:\/\/zempleninfo.eu\/index.php?rest_route=%2Fwp%2Fv2%2Fmedia&parent=209154"}],"wp:term":[{"taxonomy":"category","embeddable":true,"href":"https:\/\/zempleninfo.eu\/index.php?rest_route=%2Fwp%2Fv2%2Fcategories&post=209154"},{"taxonomy":"post_tag","embeddable":true,"href":"https:\/\/zempleninfo.eu\/index.php?rest_route=%2Fwp%2Fv2%2Ftags&post=209154"}],"curies":[{"name":"wp","href":"https:\/\/api.w.org\/{rel}","templated":true}]}}