{"id":209110,"date":"2013-05-21T09:57:23","date_gmt":"2013-05-21T08:57:23","guid":{"rendered":"http:\/\/localhost\/Zinfo2020_WP\/2013\/05\/21\/perilla-legendaja\/"},"modified":"2021-03-05T14:56:01","modified_gmt":"2021-03-05T13:56:01","slug":"perilla-legendaja","status":"publish","type":"post","link":"https:\/\/zempleninfo.eu\/?p=209110","title":{"rendered":"Perilla legend\u00e1ja"},"content":{"rendered":"<div class=\"wpb-content-wrapper\"><p>[vc_row][vc_column]<style>.thegem-te-post-title.thegem-custom-69f1b8edcca9b293 {justify-content: left; text-align: left;}<\/style><div class=\"thegem-te-post-title thegem-custom-69f1b8edcca9b293\"> <h1 class=\"post-title title-h3 \"> <span>Perilla legend\u00e1ja<\/span> <\/h1> <\/div>[vc_column_text]\u00dajhelyi hagyom\u00e1nyok szerint ugyanis ez a vid\u00e9k az emberek megjelen\u00e9se el\u0151tt <strong>Perilla t\u00fcnd\u00e9r<\/strong> birodalma volt:<br \/>\n<em>\u201e&#8230;t\u00fcnd\u00e9rek \u00e9ltek hajdan az \u00fajhelyi hegyekben, s a csod\u00e1latos Perilla \u00farn\u0151 uralkodott az erd\u0151k \u00e9s a vizek felett. Amikor azonban Perilla elh\u00f3d\u00edtotta a term\u00e9szet er\u0151inek parancsol\u00f3 nimf\u00e1t\u00f3l a kedves\u00e9t, az kegyetlen\u00fcl megbosszulta a h\u0171tlens\u00e9get. T\u00fczet bocs\u00e1tott ki a Magas\u2013 hegyb\u0151l, megrend\u00fcltek a szikl\u00e1k, s maguk al\u00e1 temett\u00e9k a szerelmesp\u00e1rt.\u00a0 Nyughely\u00fcket a Kopors\u00f3-hegy \u0151rzi.\u201d <\/em><\/p>\n<p>(Dr. Kov\u00e1ts D\u00e1niel)[\/vc_column_text][\/vc_column][\/vc_row]<\/p>\n<\/div>","protected":false},"excerpt":{"rendered":"<p>[vc_row][vc_column][vc_column_text]\u00dajhelyi hagyom\u00e1nyok szerint ugyanis ez a vid\u00e9k az emberek megjelen\u00e9se el\u0151tt Perilla t\u00fcnd\u00e9r birodalma volt: \u201e&#8230;t\u00fcnd\u00e9rek \u00e9ltek hajdan az \u00fajhelyi&#8230;<\/p>\n","protected":false},"author":1,"featured_media":215976,"comment_status":"closed","ping_status":"closed","sticky":false,"template":"","format":"standard","meta":{"footnotes":""},"categories":[29],"tags":[843],"class_list":{"0":"post-209110","1":"post","2":"type-post","3":"status-publish","4":"format-standard","5":"has-post-thumbnail","7":"category-helyi-mondak-legendak","8":"tag-legenda"},"lang":"hu","translations":{"hu":209110},"pll_sync_post":[],"menu_order":142,"_links":{"self":[{"href":"https:\/\/zempleninfo.eu\/index.php?rest_route=\/wp\/v2\/posts\/209110","targetHints":{"allow":["GET"]}}],"collection":[{"href":"https:\/\/zempleninfo.eu\/index.php?rest_route=\/wp\/v2\/posts"}],"about":[{"href":"https:\/\/zempleninfo.eu\/index.php?rest_route=\/wp\/v2\/types\/post"}],"author":[{"embeddable":true,"href":"https:\/\/zempleninfo.eu\/index.php?rest_route=\/wp\/v2\/users\/1"}],"replies":[{"embeddable":true,"href":"https:\/\/zempleninfo.eu\/index.php?rest_route=%2Fwp%2Fv2%2Fcomments&post=209110"}],"version-history":[{"count":0,"href":"https:\/\/zempleninfo.eu\/index.php?rest_route=\/wp\/v2\/posts\/209110\/revisions"}],"wp:featuredmedia":[{"embeddable":true,"href":"https:\/\/zempleninfo.eu\/index.php?rest_route=\/wp\/v2\/media\/215976"}],"wp:attachment":[{"href":"https:\/\/zempleninfo.eu\/index.php?rest_route=%2Fwp%2Fv2%2Fmedia&parent=209110"}],"wp:term":[{"taxonomy":"category","embeddable":true,"href":"https:\/\/zempleninfo.eu\/index.php?rest_route=%2Fwp%2Fv2%2Fcategories&post=209110"},{"taxonomy":"post_tag","embeddable":true,"href":"https:\/\/zempleninfo.eu\/index.php?rest_route=%2Fwp%2Fv2%2Ftags&post=209110"}],"curies":[{"name":"wp","href":"https:\/\/api.w.org\/{rel}","templated":true}]}}