{"id":209109,"date":"2013-05-21T09:56:44","date_gmt":"2013-05-21T08:56:44","guid":{"rendered":"http:\/\/localhost\/Zinfo2020_WP\/2013\/05\/21\/ketel-vezer-legendaja\/"},"modified":"2021-03-05T14:53:52","modified_gmt":"2021-03-05T13:53:52","slug":"ketel-vezer-legendaja","status":"publish","type":"post","link":"https:\/\/zempleninfo.eu\/?p=209109","title":{"rendered":"Ketel Vez\u00e9r legend\u00e1ja"},"content":{"rendered":"<div class=\"wpb-content-wrapper\"><p>[vc_row][vc_column]<style>.thegem-te-post-title.thegem-custom-69f1bd4a976989773 {justify-content: left; text-align: left;}<\/style><div class=\"thegem-te-post-title thegem-custom-69f1bd4a976989773\"> <h1 class=\"post-title title-h3 \"> <span>Ketel Vez\u00e9r legend\u00e1ja<\/span> <\/h1> <\/div>[vc_column_text]Ketel \u00e9s Tarcal kun vit\u00e9zek \u00e1t\u00fasztatt\u00e1k a Bodrog foly\u00f3t azon a helyen, ahol ebbe a S\u00e1torhalomr\u00f3l lefut\u00f3 foly\u00f3cska bele\u00f6mlik, a v\u00edz \u00e1rj\u00e1ban Ketel lova megbotlott, s \u0151 elmer\u00fclve, t\u00e1rsai seg\u00edts\u00e9g\u00e9vel is csak alig b\u00edrt a hal\u00e1lb\u00f3l kimenek\u00fclni. Azt a foly\u00f3t ez\u00e9rt Ketel t\u00e1rsai tr\u00e9f\u00e1san Ketel \u2013 Patak\u00e1nak nevezt\u00e9k el. K\u00e9s\u0151bb <strong>\u00c1rp\u00e1d fejedelem<\/strong> S\u00e1torhalomt\u00f3l a Tolcsva viz\u00e9ig az eg\u00e9sz f\u00f6ldet lakosaival kegyesen Ketelnek adom\u00e1nyozta.<\/p>\n<p>A t\u00f6rt\u00e9net a legt\u00f6bb t\u00f6rt\u00e9n\u00e9sz szerint Anonymus fant\u00e1zi\u00e1j\u00e1nak term\u00e9ke, a <strong>f\u00f6ldrajzi le\u00edr\u00e1s<\/strong> azonban <strong>hiteles<\/strong>.[\/vc_column_text][\/vc_column][\/vc_row]<\/p>\n<\/div>","protected":false},"excerpt":{"rendered":"<p>[vc_row][vc_column][vc_column_text]Ketel \u00e9s Tarcal kun vit\u00e9zek \u00e1t\u00fasztatt\u00e1k a Bodrog foly\u00f3t azon a helyen, ahol ebbe a S\u00e1torhalomr\u00f3l lefut\u00f3 foly\u00f3cska bele\u00f6mlik, a&#8230;<\/p>\n","protected":false},"author":1,"featured_media":215976,"comment_status":"closed","ping_status":"closed","sticky":false,"template":"","format":"standard","meta":{"footnotes":""},"categories":[29],"tags":[843],"class_list":{"0":"post-209109","1":"post","2":"type-post","3":"status-publish","4":"format-standard","5":"has-post-thumbnail","7":"category-helyi-mondak-legendak","8":"tag-legenda"},"lang":"hu","translations":{"hu":209109},"pll_sync_post":[],"menu_order":141,"_links":{"self":[{"href":"https:\/\/zempleninfo.eu\/index.php?rest_route=\/wp\/v2\/posts\/209109","targetHints":{"allow":["GET"]}}],"collection":[{"href":"https:\/\/zempleninfo.eu\/index.php?rest_route=\/wp\/v2\/posts"}],"about":[{"href":"https:\/\/zempleninfo.eu\/index.php?rest_route=\/wp\/v2\/types\/post"}],"author":[{"embeddable":true,"href":"https:\/\/zempleninfo.eu\/index.php?rest_route=\/wp\/v2\/users\/1"}],"replies":[{"embeddable":true,"href":"https:\/\/zempleninfo.eu\/index.php?rest_route=%2Fwp%2Fv2%2Fcomments&post=209109"}],"version-history":[{"count":0,"href":"https:\/\/zempleninfo.eu\/index.php?rest_route=\/wp\/v2\/posts\/209109\/revisions"}],"wp:featuredmedia":[{"embeddable":true,"href":"https:\/\/zempleninfo.eu\/index.php?rest_route=\/wp\/v2\/media\/215976"}],"wp:attachment":[{"href":"https:\/\/zempleninfo.eu\/index.php?rest_route=%2Fwp%2Fv2%2Fmedia&parent=209109"}],"wp:term":[{"taxonomy":"category","embeddable":true,"href":"https:\/\/zempleninfo.eu\/index.php?rest_route=%2Fwp%2Fv2%2Fcategories&post=209109"},{"taxonomy":"post_tag","embeddable":true,"href":"https:\/\/zempleninfo.eu\/index.php?rest_route=%2Fwp%2Fv2%2Ftags&post=209109"}],"curies":[{"name":"wp","href":"https:\/\/api.w.org\/{rel}","templated":true}]}}