{"id":209108,"date":"2013-05-21T09:56:08","date_gmt":"2013-05-21T08:56:08","guid":{"rendered":"http:\/\/localhost\/Zinfo2020_WP\/2013\/05\/21\/raskay-magdolna-legendaja\/"},"modified":"2021-03-05T14:56:48","modified_gmt":"2021-03-05T13:56:48","slug":"raskay-magdolna-legendaja","status":"publish","type":"post","link":"https:\/\/zempleninfo.eu\/?p=209108","title":{"rendered":"R\u00e1skay Magdolna legend\u00e1ja"},"content":{"rendered":"<div class=\"wpb-content-wrapper\"><p>[vc_row][vc_column]<style>.thegem-te-post-title.thegem-custom-69f1b8efd5aad9026 {justify-content: left; text-align: left;}<\/style><div class=\"thegem-te-post-title thegem-custom-69f1b8efd5aad9026\"> <h1 class=\"post-title title-h3 \"> <span>R\u00e1skay Magdolna legend\u00e1ja<\/span> <\/h1> <\/div>[vc_column_text]S\u00e1toralja\u00fajhely a\u00a0 XIV. sz\u00e1zad folyam\u00e1n ker\u00fclt mag\u00e1nk\u00e9zbe. <strong>P\u00e1l\u00f3czy Antal<\/strong> csere r\u00e9v\u00e9n jutott hozz\u00e1. Azonban Moh\u00e1csn\u00e1l meghalt, s az akkori z\u0171rzavarban a k\u00f6z\u00e9pkori magyar t\u00f6rt\u00e9nelem egyik legellentmond\u00e1sosabb szem\u00e9lyis\u00e9ge \u2013 <strong>Per\u00e9nyi P\u00e9ter<\/strong> telepedett be a meg\u00fcresedett birtokba. A moh\u00e1csi csat\u00e1b\u00f3l visszat\u00e9rve ostrom al\u00e1 vette \u00dajhely v\u00e1r\u00e1ban az \u00f6zvegyet, aki h\u0151siesen ellen\u00e1llt, a h\u00e1zass\u00e1gi aj\u00e1nlatot is visszautas\u00edtotta. Semmilyen fondorlat nem tudta megt\u00f6rni a v\u00e9delmet, csak a rem\u00e9nytelen szerelem: Ulrik lovag, mell\u0151z\u00e9se miatt \u2013 megnyitotta a v\u00e1rkaput, majd \u00e1rul\u00e1s\u00e1t megb\u00e1nva a kardj\u00e1ba d\u0151lt. Ennek eml\u00e9k\u00e9t \u0151rzi a <strong>Gyilkos nev\u0171 v\u00e1rosr\u00e9sz<\/strong>.[\/vc_column_text][\/vc_column][\/vc_row]<\/p>\n<\/div>","protected":false},"excerpt":{"rendered":"<p>[vc_row][vc_column][vc_column_text]S\u00e1toralja\u00fajhely a\u00a0 XIV. sz\u00e1zad folyam\u00e1n ker\u00fclt mag\u00e1nk\u00e9zbe. P\u00e1l\u00f3czy Antal csere r\u00e9v\u00e9n jutott hozz\u00e1. Azonban Moh\u00e1csn\u00e1l meghalt, s az akkori z\u0171rzavarban&#8230;<\/p>\n","protected":false},"author":1,"featured_media":215976,"comment_status":"closed","ping_status":"closed","sticky":false,"template":"","format":"standard","meta":{"footnotes":""},"categories":[29],"tags":[843],"class_list":{"0":"post-209108","1":"post","2":"type-post","3":"status-publish","4":"format-standard","5":"has-post-thumbnail","7":"category-helyi-mondak-legendak","8":"tag-legenda"},"lang":"hu","translations":{"hu":209108},"pll_sync_post":[],"menu_order":140,"_links":{"self":[{"href":"https:\/\/zempleninfo.eu\/index.php?rest_route=\/wp\/v2\/posts\/209108","targetHints":{"allow":["GET"]}}],"collection":[{"href":"https:\/\/zempleninfo.eu\/index.php?rest_route=\/wp\/v2\/posts"}],"about":[{"href":"https:\/\/zempleninfo.eu\/index.php?rest_route=\/wp\/v2\/types\/post"}],"author":[{"embeddable":true,"href":"https:\/\/zempleninfo.eu\/index.php?rest_route=\/wp\/v2\/users\/1"}],"replies":[{"embeddable":true,"href":"https:\/\/zempleninfo.eu\/index.php?rest_route=%2Fwp%2Fv2%2Fcomments&post=209108"}],"version-history":[{"count":0,"href":"https:\/\/zempleninfo.eu\/index.php?rest_route=\/wp\/v2\/posts\/209108\/revisions"}],"wp:featuredmedia":[{"embeddable":true,"href":"https:\/\/zempleninfo.eu\/index.php?rest_route=\/wp\/v2\/media\/215976"}],"wp:attachment":[{"href":"https:\/\/zempleninfo.eu\/index.php?rest_route=%2Fwp%2Fv2%2Fmedia&parent=209108"}],"wp:term":[{"taxonomy":"category","embeddable":true,"href":"https:\/\/zempleninfo.eu\/index.php?rest_route=%2Fwp%2Fv2%2Fcategories&post=209108"},{"taxonomy":"post_tag","embeddable":true,"href":"https:\/\/zempleninfo.eu\/index.php?rest_route=%2Fwp%2Fv2%2Ftags&post=209108"}],"curies":[{"name":"wp","href":"https:\/\/api.w.org\/{rel}","templated":true}]}}