{"id":209107,"date":"2013-05-21T09:55:33","date_gmt":"2013-05-21T08:55:33","guid":{"rendered":"http:\/\/localhost\/Zinfo2020_WP\/2013\/05\/21\/losardi-zsuzsanna\/"},"modified":"2021-03-05T14:54:32","modified_gmt":"2021-03-05T13:54:32","slug":"losardi-zsuzsanna","status":"publish","type":"post","link":"https:\/\/zempleninfo.eu\/?p=209107","title":{"rendered":"Los\u00e1rdi Zsuzsanna"},"content":{"rendered":"<div class=\"wpb-content-wrapper\"><p>[vc_row][vc_column]<style>.thegem-te-post-title.thegem-custom-69f1bd6ad55289388 {justify-content: left; text-align: left;}<\/style><div class=\"thegem-te-post-title thegem-custom-69f1bd6ad55289388\"> <h1 class=\"post-title title-h3 \"> <span>Los\u00e1rdi Zsuzsanna<\/span> <\/h1> <\/div>[vc_column_text]S\u00e1toralja\u00fajhelyben sz\u00fcletett \u00e1ll\u00edt\u00f3lagos <strong>kuruc k\u00f6lt\u0151n\u0151<\/strong>, aki a R\u00e1k\u00f3czi szabads\u00e1gharcban dalaival lelkes\u00edtette a kurucokat, <strong>hazafias magatart\u00e1s\u00e1\u00e9rt b\u00f6rt\u00f6nt is szenvedett<\/strong>. Kem\u00e9ny J\u00f3zsef t\u00f6rt\u00e9n\u00e9sz lev\u00e9lt\u00e1ros tal\u00e1lta ki hist\u00f3ri\u00e1j\u00e1t, sok vonatkoz\u00e1sban Zr\u00ednyi Ilon\u00e1r\u00f3l mint\u00e1zva alakj\u00e1t. M\u00e9gis, a Kossuth utc\u00e1n t\u00e1bla hirdeti eml\u00e9kezet\u00e9t:<br \/>\n\u201eE v\u00e1rosban sz\u00fcletett 1681 \u2013 ben Los\u00e1rdi Zsuzsanna, R\u00e1k\u00f3czi hadj\u00e1rat\u00e1nak r\u00e9sztvev\u0151je, a hazafiass\u00e1g\u00e9rt b\u00f6rt\u00f6nt szenvedett k\u00f6lt\u0151n\u0151.\u201d<\/p>\n<p>Neve \u00f6sszeforrt nemcsak a v\u00e1rossal, hanem a R\u00e1k\u00f3czi \u2013 szabads\u00e1gharccal is. Ki volt \u0151 akkor val\u00f3j\u00e1ban? &#8211; tehetj\u00fck fel a k\u00e9rd\u00e9st.[\/vc_column_text][\/vc_column][\/vc_row]<\/p>\n<\/div>","protected":false},"excerpt":{"rendered":"<p>[vc_row][vc_column][vc_column_text]S\u00e1toralja\u00fajhelyben sz\u00fcletett \u00e1ll\u00edt\u00f3lagos kuruc k\u00f6lt\u0151n\u0151, aki a R\u00e1k\u00f3czi szabads\u00e1gharcban dalaival lelkes\u00edtette a kurucokat, hazafias magatart\u00e1s\u00e1\u00e9rt b\u00f6rt\u00f6nt is szenvedett. Kem\u00e9ny J\u00f3zsef&#8230;<\/p>\n","protected":false},"author":1,"featured_media":215976,"comment_status":"closed","ping_status":"closed","sticky":false,"template":"","format":"standard","meta":{"footnotes":""},"categories":[29],"tags":[843],"class_list":{"0":"post-209107","1":"post","2":"type-post","3":"status-publish","4":"format-standard","5":"has-post-thumbnail","7":"category-helyi-mondak-legendak","8":"tag-legenda"},"lang":"hu","translations":{"hu":209107},"pll_sync_post":[],"menu_order":139,"_links":{"self":[{"href":"https:\/\/zempleninfo.eu\/index.php?rest_route=\/wp\/v2\/posts\/209107","targetHints":{"allow":["GET"]}}],"collection":[{"href":"https:\/\/zempleninfo.eu\/index.php?rest_route=\/wp\/v2\/posts"}],"about":[{"href":"https:\/\/zempleninfo.eu\/index.php?rest_route=\/wp\/v2\/types\/post"}],"author":[{"embeddable":true,"href":"https:\/\/zempleninfo.eu\/index.php?rest_route=\/wp\/v2\/users\/1"}],"replies":[{"embeddable":true,"href":"https:\/\/zempleninfo.eu\/index.php?rest_route=%2Fwp%2Fv2%2Fcomments&post=209107"}],"version-history":[{"count":0,"href":"https:\/\/zempleninfo.eu\/index.php?rest_route=\/wp\/v2\/posts\/209107\/revisions"}],"wp:featuredmedia":[{"embeddable":true,"href":"https:\/\/zempleninfo.eu\/index.php?rest_route=\/wp\/v2\/media\/215976"}],"wp:attachment":[{"href":"https:\/\/zempleninfo.eu\/index.php?rest_route=%2Fwp%2Fv2%2Fmedia&parent=209107"}],"wp:term":[{"taxonomy":"category","embeddable":true,"href":"https:\/\/zempleninfo.eu\/index.php?rest_route=%2Fwp%2Fv2%2Fcategories&post=209107"},{"taxonomy":"post_tag","embeddable":true,"href":"https:\/\/zempleninfo.eu\/index.php?rest_route=%2Fwp%2Fv2%2Ftags&post=209107"}],"curies":[{"name":"wp","href":"https:\/\/api.w.org\/{rel}","templated":true}]}}