{"id":209106,"date":"2013-05-21T09:54:59","date_gmt":"2013-05-21T08:54:59","guid":{"rendered":"http:\/\/localhost\/Zinfo2020_WP\/2013\/05\/21\/boszorkanyegetes-satoraljaujhelyen\/"},"modified":"2022-03-01T15:04:49","modified_gmt":"2022-03-01T14:04:49","slug":"boszorkanyegetes-satoraljaujhelyen","status":"publish","type":"post","link":"https:\/\/zempleninfo.eu\/?p=209106","title":{"rendered":"Boszork\u00e1ny\u00e9get\u00e9s S\u00e1toralja\u00fajhelyen"},"content":{"rendered":"<div class=\"wpb-content-wrapper\"><p>[vc_row][vc_column]<style>.thegem-te-post-title.thegem-custom-69f1b8e79d1c73268 {justify-content: left; text-align: left;}<\/style><div class=\"thegem-te-post-title thegem-custom-69f1b8e79d1c73268\"> <h1 class=\"post-title title-h3 \"> <span>Boszork\u00e1ny\u00e9get\u00e9s S\u00e1toralja\u00fajhelyen<\/span> <\/h1> <\/div>[vc_column_text]<\/p>\n<p>Egy ilyen <em>soktemplomos<\/em> v\u00e1rosban nagyobb figyelem hullott azokra, akik a m\u00e9rt\u00e9kt\u0151l csak egy kicsit is elhajlottak gondolkod\u00e1sukban. A ront\u00e1ssal, b\u00e1jol\u00e1ssal \u00e1rt\u00f3k \u2013 a <em>malefic\u00e1k<\/em> \u2013 \u00fcld\u00f6z\u00e9se ekkor, a XVIII. sz\u00e1zadban h\u00e1gott a tet\u0151fok\u00e1ra. A n\u00e9phit szerint \u0151k voltak azok a boszork\u00e1nyok, akik k\u00fcl\u00f6nleges k\u00e9pess\u00e9geik r\u00e9v\u00e9n gy\u00f3gy\u00edtani \u00e9s rontani egyar\u00e1nt tudtak. A vallom\u00e1sok szerint <em><strong>boszork\u00e1nyszombatra<\/strong><\/em> pl. <strong>az \u00fajhelyiek a V\u00e1r-hegy melletti Kopaszk\u00e1ra j\u00e1rtak<\/strong>, s nem Tokajba, vagy a Gell\u00e9rt-hegyre. A perek nagy nyilv\u00e1noss\u00e1g el\u0151tt zajlottak, ahol n\u00e9ha 100 tan\u00fat is meghallgattak, \u00e9s az ottani vallom\u00e1sok \u00fajabb pereket induk\u00e1ltak.<\/p>\n<p>\u00dajhelyben a <strong>Borz \u2013 hegy m\u00f6g\u00f6tt a Bodn\u00e1r \u2013 v\u00f6lgyet nevezt\u00e9k ki boszork\u00e1ny\u00e9get\u0151 helynek<\/strong>, amikor Szekeres Gy\u00f6rgy\u00f6t \u00e9s Parnaka J\u00e1nosn\u00e9t ott \u00e9gett\u00e9k el. Vannak olyan 1821- b\u0151l sz\u00e1rmaz\u00f3 jegyz\u0151k\u00f6nyvek, melyek szerint a <strong>boszork\u00e1ny\u00e9get\u00e9seket a Sz\u00e9phalom fel\u00e9 vezet\u0151 \u00fat ment\u00e9n v\u00e9gezt\u00e9k<\/strong> s aki k\u00e9s\u0151bb arra j\u00e1rt, jelk\u00e9pesen gallyakat sz\u00f3rt az \u00fat sz\u00e9l\u00e9re, hogy ezzel riassza el a boszork\u00e1nyokat tehets\u00e9g\u00fck haszn\u00e1lat\u00e1t\u00f3l.<\/p>\n<p>[\/vc_column_text][\/vc_column][\/vc_row]<\/p>\n<\/div>","protected":false},"excerpt":{"rendered":"<p>[vc_row][vc_column][vc_column_text] Egy ilyen soktemplomos v\u00e1rosban nagyobb figyelem hullott azokra, akik a m\u00e9rt\u00e9kt\u0151l csak egy kicsit is elhajlottak gondolkod\u00e1sukban. A ront\u00e1ssal,&#8230;<\/p>\n","protected":false},"author":1,"featured_media":215976,"comment_status":"closed","ping_status":"closed","sticky":false,"template":"","format":"standard","meta":{"footnotes":""},"categories":[29],"tags":[843],"class_list":{"0":"post-209106","1":"post","2":"type-post","3":"status-publish","4":"format-standard","5":"has-post-thumbnail","7":"category-helyi-mondak-legendak","8":"tag-legenda"},"lang":"hu","translations":{"hu":209106},"pll_sync_post":[],"menu_order":138,"_links":{"self":[{"href":"https:\/\/zempleninfo.eu\/index.php?rest_route=\/wp\/v2\/posts\/209106","targetHints":{"allow":["GET"]}}],"collection":[{"href":"https:\/\/zempleninfo.eu\/index.php?rest_route=\/wp\/v2\/posts"}],"about":[{"href":"https:\/\/zempleninfo.eu\/index.php?rest_route=\/wp\/v2\/types\/post"}],"author":[{"embeddable":true,"href":"https:\/\/zempleninfo.eu\/index.php?rest_route=\/wp\/v2\/users\/1"}],"replies":[{"embeddable":true,"href":"https:\/\/zempleninfo.eu\/index.php?rest_route=%2Fwp%2Fv2%2Fcomments&post=209106"}],"version-history":[{"count":0,"href":"https:\/\/zempleninfo.eu\/index.php?rest_route=\/wp\/v2\/posts\/209106\/revisions"}],"wp:featuredmedia":[{"embeddable":true,"href":"https:\/\/zempleninfo.eu\/index.php?rest_route=\/wp\/v2\/media\/215976"}],"wp:attachment":[{"href":"https:\/\/zempleninfo.eu\/index.php?rest_route=%2Fwp%2Fv2%2Fmedia&parent=209106"}],"wp:term":[{"taxonomy":"category","embeddable":true,"href":"https:\/\/zempleninfo.eu\/index.php?rest_route=%2Fwp%2Fv2%2Fcategories&post=209106"},{"taxonomy":"post_tag","embeddable":true,"href":"https:\/\/zempleninfo.eu\/index.php?rest_route=%2Fwp%2Fv2%2Ftags&post=209106"}],"curies":[{"name":"wp","href":"https:\/\/api.w.org\/{rel}","templated":true}]}}