{"id":209104,"date":"2013-05-21T09:53:18","date_gmt":"2013-05-21T08:53:18","guid":{"rendered":"http:\/\/localhost\/Zinfo2020_WP\/2013\/05\/21\/csepelenyi-gyorgy-legendaja\/"},"modified":"2021-03-05T14:53:07","modified_gmt":"2021-03-05T13:53:07","slug":"csepelenyi-gyorgy-legendaja","status":"publish","type":"post","link":"https:\/\/zempleninfo.eu\/?p=209104","title":{"rendered":"Csepel\u00e9nyi Gy\u00f6rgy legend\u00e1ja"},"content":{"rendered":"<div class=\"wpb-content-wrapper\"><p>[vc_row][vc_column]<style>.thegem-te-post-title.thegem-custom-69f1bcba3fdfe4275 {justify-content: left; text-align: left;}<\/style><div class=\"thegem-te-post-title thegem-custom-69f1bcba3fdfe4275\"> <h1 class=\"post-title title-h3 \"> <span>Csepel\u00e9nyi Gy\u00f6rgy legend\u00e1ja<\/span> <\/h1> <\/div>[vc_column_text]Csepel\u00e9nyi Gy\u00f6rgy egy XVII. Sz\u00e1zadban \u00e9lt <strong>p\u00e1los szerzetes \u2013 v\u00e9rtan\u00fa<\/strong>. T\u00f6bbek \u00e1ltal lejegyzett legend\u00e1ja szerint m\u00e1r \u00e9let\u00e9ben csod\u00e1kat tett. X. Kelemen p\u00e1pa \u0151t tette meg a mo-i misszi\u00f3k vezet\u0151j\u00e9\u00fcl, m\u0171k\u00f6d\u00e9si ter\u00fclet\u00e9\u00fcl a h\u00f3dolts\u00e1g \u00e9szaki r\u00e9sz\u00e9t kijel\u00f6lve. 1674 . m\u00e1rc. 26 \u2013 \u00e1n Teleki Mih\u00e1ly k\u00f3bor hajd\u00fai behatoltak a f\u00fcz\u00e9ri pl\u00e9b\u00e1ni\u00e1ra, s foglyul ejtett\u00e9k. Fogs\u00e1ga, szenved\u00e9se alatt nem t\u00f6rt meg. A legenda szerint csak t\u00f6bbsz\u00f6ri k\u00eds\u00e9rlet ut\u00e1n siker\u00fclt a fej\u00e9t elv\u00e1lasztani a t\u00f6rzs\u00e9t\u0151l. <strong>Holtteste napokon \u00e1t temetetlen\u00fcl hevert<\/strong>, \u00e1m <strong>a meleg id\u0151 dac\u00e1ra romlatlan maradt<\/strong>. Ennek h\u00edr\u00e9re az egri pasa megparancsolta tisztes eltemettet\u00e9s\u00e9t, isten ember\u00e9nek nevezve. Az erekly\u00e9ket 1689 \u2013 ben <strong>\u00dajhely<\/strong>be sz\u00e1ll\u00edtott\u00e1k, a mai piarista templomba, s ott <strong>a Szent \u2013 Kereszt k\u00e1polna<\/strong> kript\u00e1j\u00e1ban helyezt\u00e9k el. Minden \u00e9v m\u00e1jus 24-\u00e9n eml\u00e9keznek meg v\u00e9rtan\u00fas\u00e1ga napj\u00e1r\u00f3l.[\/vc_column_text][\/vc_column][\/vc_row]<\/p>\n<\/div>","protected":false},"excerpt":{"rendered":"<p>[vc_row][vc_column][vc_column_text]Csepel\u00e9nyi Gy\u00f6rgy egy XVII. Sz\u00e1zadban \u00e9lt p\u00e1los szerzetes \u2013 v\u00e9rtan\u00fa. T\u00f6bbek \u00e1ltal lejegyzett legend\u00e1ja szerint m\u00e1r \u00e9let\u00e9ben csod\u00e1kat tett. X&#8230;.<\/p>\n","protected":false},"author":1,"featured_media":215976,"comment_status":"closed","ping_status":"closed","sticky":false,"template":"","format":"standard","meta":{"footnotes":""},"categories":[29],"tags":[843],"class_list":{"0":"post-209104","1":"post","2":"type-post","3":"status-publish","4":"format-standard","5":"has-post-thumbnail","7":"category-helyi-mondak-legendak","8":"tag-legenda"},"lang":"hu","translations":{"hu":209104},"pll_sync_post":[],"menu_order":136,"_links":{"self":[{"href":"https:\/\/zempleninfo.eu\/index.php?rest_route=\/wp\/v2\/posts\/209104","targetHints":{"allow":["GET"]}}],"collection":[{"href":"https:\/\/zempleninfo.eu\/index.php?rest_route=\/wp\/v2\/posts"}],"about":[{"href":"https:\/\/zempleninfo.eu\/index.php?rest_route=\/wp\/v2\/types\/post"}],"author":[{"embeddable":true,"href":"https:\/\/zempleninfo.eu\/index.php?rest_route=\/wp\/v2\/users\/1"}],"replies":[{"embeddable":true,"href":"https:\/\/zempleninfo.eu\/index.php?rest_route=%2Fwp%2Fv2%2Fcomments&post=209104"}],"version-history":[{"count":0,"href":"https:\/\/zempleninfo.eu\/index.php?rest_route=\/wp\/v2\/posts\/209104\/revisions"}],"wp:featuredmedia":[{"embeddable":true,"href":"https:\/\/zempleninfo.eu\/index.php?rest_route=\/wp\/v2\/media\/215976"}],"wp:attachment":[{"href":"https:\/\/zempleninfo.eu\/index.php?rest_route=%2Fwp%2Fv2%2Fmedia&parent=209104"}],"wp:term":[{"taxonomy":"category","embeddable":true,"href":"https:\/\/zempleninfo.eu\/index.php?rest_route=%2Fwp%2Fv2%2Fcategories&post=209104"},{"taxonomy":"post_tag","embeddable":true,"href":"https:\/\/zempleninfo.eu\/index.php?rest_route=%2Fwp%2Fv2%2Ftags&post=209104"}],"curies":[{"name":"wp","href":"https:\/\/api.w.org\/{rel}","templated":true}]}}